{"id":8370,"date":"2022-11-29T10:28:36","date_gmt":"2022-11-29T10:28:36","guid":{"rendered":"https:\/\/timealaslavic.ro\/hu\/?p=8370"},"modified":"2022-11-29T10:36:37","modified_gmt":"2022-11-29T10:36:37","slug":"mifele-csaladnev-ez-a-laslavic","status":"publish","type":"post","link":"https:\/\/timealaslavic.ro\/hu\/blog\/mifele-csaladnev-ez-a-laslavic\/","title":{"rendered":"Mif\u00e9le csal\u00e1dn\u00e9v ez a Laslavic? Egy\u00e1ltal\u00e1n hogy kell kiejteni?"},"content":{"rendered":"\n<p style=\"font-size:24px\">Magyarorsz\u00e1gon sokszor megk\u00e9rdezik t\u0151lem, hogy a csal\u00e1dnevemet hogyan kell kiejteni. \u00c1ltal\u00e1ban azt v\u00e1laszolom, hogy ez kicsit bonyolult&#8230; Azt\u00e1n ha az illet\u0151 m\u00e9gis \u00e9rdekl\u0151dik a r\u00e9szletek fel\u0151l, elmes\u00e9lem neki &#8211; r\u00f6videbben vagy hosszabban. <\/p>\n\n\n\n<hr class=\"wp-block-separator has-css-opacity is-style-default\"\/>\n\n\n\n<p class=\"has-drop-cap\">Nos, az a helyzet, hogy a csal\u00e1dnevemet nem \u00fagy kell kiolvasni, mintha a LASLAVIC magyarul lenne le\u00edrva. \u00c9s nem is szerb a n\u00e9v, na bumm!<\/p>\n\n\n\n<p>Egyik \u00fck\u00f6regap\u00e1m t\u00f3t volt \u00e9s a mai Szlov\u00e1kia ter\u00fclet\u00e9n l\u00e9v\u0151 Ocsov\u00e1r\u00f3l ker\u00fclt a B\u00e1ns\u00e1gba. Az \u0151 neve LACLAVIK volt \u00e9s \u00fagy hangzott, ahogy ma mondan\u00e1 egy szlov\u00e1k ajk\u00fa: L\u00c1CL\u00c1VIK. (A hangs\u00faly a m\u00e1sodik sz\u00f3tagra esik.)<\/p>\n\n\n\n<p>Ezt a nevet egy adott pillanatban magyaros\u00edtott\u00e1k \u00e9s LACZL\u00c1VIK, majd LASZL\u00c1VIK is lett bel\u0151le. Ennek olvas\u00e1sa vil\u00e1gos.<\/p>\n\n\n\n<p>K\u00e9s\u0151bb rom\u00e1nos\u00edtott\u00e1k \u00e9s LASLAVIC lett bel\u0151le. (Mivel nem sapk\u00e1s c van a v\u00e9g\u00e9n, kiejt\u00e9se a rom\u00e1n szab\u00e1lyok szerinti, azaz: L\u00c1SZL\u00c1VIK, \u00e9s nem L\u00c1SZL\u00c1VICS, mint a szerbekn\u00e9l, b\u00e1r sokan azt hiszik.)\u00a0<\/p>\n\n\n\n<p>Term\u00e9szetesen Magyarorsz\u00e1gon mindenki &#8222;LASLAVICCCCC&#8221;-nek olvassa, ami sz\u00e1momra nagyon vicces, mert ahogy a temesv\u00e1ri Anavi \u00c1d\u00e1m k\u00f6lt\u0151 mondta egyszer nekem:<\/p>\n\n\n\n<h2 class=\"wp-block-heading\">&#8211; Tudod melyik a legjobb vicc?<br>&#8211; A LaslaVICC!\ud83d\ude02<\/h2>\n\n\n\n<p>Ez a t\u00f6rt\u00e9net r\u00f6viden, de akkor n\u00e9zz\u00fck enny\u00e9l bonyolultabban. Az a helyzet, hogy amikor megkaptam a magyar \u00e1llampolg\u00e1rs\u00e1got is a rom\u00e1n mell\u00e9, lehet\u0151s\u00e9gem lett volna (vissza)magyaros\u00edtani a neveimet, a csal\u00e1dnevem is, \u00e9s a keresztnevem is. H\u00edvhattak volna \u00fagy, hogy Laszl\u00e1vik T\u00edmea. <\/p>\n\n\n\n<p>Ezt az\u00e9rt nem tettem meg, mert furcs\u00e1nak t\u0171nt, hogy akkor a magyarorsz\u00e1gi ki\u00e1ll\u00edt\u00e1s\u00fa irataimban egy m\u00e1sik n\u00e9v szerepeljen, mint az, amit megszoktam, \u00e9s \u00fagymond k\u00e9tf\u00e9le nevem legyen. S\u0151t, m\u00e9g hossz\u00fa \u00ed-t se k\u00e9rtem a T\u00edme\u00e1ba. Hogy most ezt b\u00e1nom-e vagy sem, mindegy, mert k\u00e9s\u0151 b\u00e1nat lenne \u00fagyis. <\/p>\n\n\n\n<p>Bonyolult lett azonban ezzel az \u00e9letem Magyarorsz\u00e1gon, mert ha \u00edr\u00e1sban l\u00e1tja valaki a nevemet, biztos magyarosan olvassa el: Laslavic. Ha bemutatkozok \u00e9s azt mondom, Laszl\u00e1viknak h\u00edvnak, akkor \u00fagy is \u00edrja le az ember, \u00e9s azt\u00e1n meg ki kell jav\u00edttassam, hogy ja, nem is \u00fagy kell le\u00edrni. P\u00e9ld\u00e1ul orvosn\u00e1l.  <\/p>\n\n\n\n<p>Ez\u00e9rt m\u00e1r oda jutottam, hogy nemcsak, hogy azonnal jelentkezem, ha valami magyarosan kiejtve a nevemet sz\u00f3l\u00edt, hanem m\u00e1r \u00e9n is direkt magyarosan mondom a nevemet. Kom\u00e9dia, komolyan! Hiszen nem \u00fagy h\u00edvnak. :)) <\/p>\n\n\n\n<p>\u00cdgy kell annak, akik OCD-s \u00e9s nem akart bonyodalmat az \u00e9let\u00e9ben, nem akart komplik\u00e1ci\u00f3kat az irataiban. Bonyodalmat okoztam magamnak m\u00e1s \u00e9rtelemben. Na, de ez legyen a legnagyobb gondom az \u00e9letben!<\/p>\n\n\n\n<p>Egy sz\u00f3 mint sz\u00e1z, \u00e9n szeretem a csal\u00e1dnevemet, olyannyira, hogy amikor f\u00e9rjhez mentem, nem is vettem fel a f\u00e9rjem nev\u00e9t. Szerencs\u00e9re \u0151 ezt nem vette rossz n\u00e9vem. <\/p>\n\n\n\n<p>OCD is, megszok\u00e1s is&#8230;. K\u00e9nyelmi dolog is &#8211; nem akartam dokumentumokat cser\u00e9lgetni, mert k\u00e9t orsz\u00e1gban vannak irataim, s\u0151t c\u00e9gem is, volt egy egyes\u00fclet\u00fcnk is k\u00f6z\u00f6sen, meg ott volt a timealaslavic.ro elnevez\u00e9s\u0171 honlap, \u00e9s publik\u00e1lok is n\u00e9ha&#8230; Neh\u00e9z \u00fcgy lett volna!<\/p>\n\n\n\n<p>\u00d3, azt nem is mondtam, hogy az \u00e9vek sor\u00e1n szeg\u00e9ny csal\u00e1dnev\u00fcnket h\u00e1nyszor rontott\u00e1k el az iratokban, volt ez m\u00e1r nem csak Laclavik, meg Laczl\u00e1vik, meg Laszl\u00e1vik, meg Laslavic, hanem m\u00e1r Laslovici, Laslovic, Lasalawich meg egy\u00e9b is&#8230; <\/p>\n\n\n\n<p>Kem\u00e9ny di\u00f3.<\/p>\n\n\n\n<p>Egyszer majd arr\u00f3l is \u00edrok tal\u00e1n, hogy hogyan n\u00e9ztem ut\u00e1na a t\u00f3t sz\u00e1rmaz\u00e1somnak \u00e9s hogy milyen lelkes csal\u00e1dfakutat\u00f3 vagyok! <\/p>\n\n\n\n<p>Ti ismeritek-e a csal\u00e1dnevetek t\u00f6rt\u00e9net\u00e9t, van-e vele kapcsolatosan valami \u00e9rdekes sztoritok?<\/p>\n\n\n\n<div class=\"wp-block-columns has-2-columns is-layout-flex wp-container-core-columns-is-layout-9d6595d7 wp-block-columns-is-layout-flex\">\n<div class=\"wp-block-column is-layout-flow wp-block-column-is-layout-flow\"><\/div>\n\n\n\n<div class=\"wp-block-column is-layout-flow wp-block-column-is-layout-flow\"><\/div>\n<\/div>\n\n\n\n<p><\/p>\n","protected":false},"excerpt":{"rendered":"<p>Magyarorsz\u00e1gon sokszor megk\u00e9rdezik t\u0151lem, hogy a csal\u00e1dnevemet hogyan kell kiejteni. \u00c1ltal\u00e1ban azt v\u00e1laszolom, hogy ez kicsit bonyolult&#8230; Azt\u00e1n ha az illet\u0151 m\u00e9gis \u00e9rdekl\u0151dik a r\u00e9szletek fel\u0151l, elmes\u00e9lem&hellip;<\/p>\n","protected":false},"author":1,"featured_media":8371,"comment_status":"open","ping_status":"closed","sticky":false,"template":"","format":"standard","meta":{"footnotes":""},"categories":[333],"tags":[345,346],"class_list":["post-8370","post","type-post","status-publish","format-standard","has-post-thumbnail","hentry","category-blog","tag-laslavic","tag-laszlavik"],"yoast_head":"<!-- This site is optimized with the Yoast SEO plugin v26.0 - https:\/\/yoast.com\/wordpress\/plugins\/seo\/ -->\n<title>Mif\u00e9le csal\u00e1dn\u00e9v ez a Laslavic? Egy\u00e1ltal\u00e1n hogy kell kiejteni? &#8902; Timea Laslavic<\/title>\n<meta name=\"description\" content=\"Magyarorsz\u00e1gon sokszor megk\u00e9rdezik t\u0151lem, hogy a csal\u00e1dnevemet hogyan kell kiejteni. Ez kicsit bonyolult...\" \/>\n<meta name=\"robots\" content=\"index, follow, max-snippet:-1, max-image-preview:large, max-video-preview:-1\" \/>\n<link rel=\"canonical\" href=\"https:\/\/timealaslavic.ro\/hu\/blog\/mifele-csaladnev-ez-a-laslavic\/\" \/>\n<meta property=\"og:locale\" content=\"hu_HU\" \/>\n<meta property=\"og:type\" content=\"article\" \/>\n<meta property=\"og:title\" content=\"Mif\u00e9le csal\u00e1dn\u00e9v ez a Laslavic? Egy\u00e1ltal\u00e1n hogy kell kiejteni? &#8902; Timea Laslavic\" \/>\n<meta property=\"og:description\" content=\"Magyarorsz\u00e1gon sokszor megk\u00e9rdezik t\u0151lem, hogy a csal\u00e1dnevemet hogyan kell kiejteni. Ez kicsit bonyolult...\" \/>\n<meta property=\"og:url\" content=\"https:\/\/timealaslavic.ro\/hu\/blog\/mifele-csaladnev-ez-a-laslavic\/\" \/>\n<meta property=\"og:site_name\" content=\"Timea Laslavic\" \/>\n<meta property=\"article:published_time\" content=\"2022-11-29T10:28:36+00:00\" \/>\n<meta property=\"article:modified_time\" content=\"2022-11-29T10:36:37+00:00\" \/>\n<meta property=\"og:image\" content=\"https:\/\/timealaslavic.ro\/hu\/wp-content\/uploads\/2022\/11\/KMA3772_1.jpg\" \/>\n\t<meta property=\"og:image:width\" content=\"1400\" \/>\n\t<meta property=\"og:image:height\" content=\"932\" \/>\n\t<meta property=\"og:image:type\" content=\"image\/jpeg\" \/>\n<meta name=\"author\" content=\"Timea Laslavic\" \/>\n<meta name=\"twitter:card\" content=\"summary_large_image\" \/>\n<meta name=\"twitter:label1\" content=\"Szerz\u0151:\" \/>\n\t<meta name=\"twitter:data1\" content=\"Timea Laslavic\" \/>\n\t<meta name=\"twitter:label2\" content=\"Becs\u00fclt olvas\u00e1si id\u0151\" \/>\n\t<meta name=\"twitter:data2\" content=\"3 perc\" \/>\n<script type=\"application\/ld+json\" class=\"yoast-schema-graph\">{\"@context\":\"https:\/\/schema.org\",\"@graph\":[{\"@type\":\"Article\",\"@id\":\"https:\/\/timealaslavic.ro\/hu\/blog\/mifele-csaladnev-ez-a-laslavic\/#article\",\"isPartOf\":{\"@id\":\"https:\/\/timealaslavic.ro\/hu\/blog\/mifele-csaladnev-ez-a-laslavic\/\"},\"author\":{\"name\":\"Timea Laslavic\",\"@id\":\"https:\/\/timealaslavic.ro\/hu\/#\/schema\/person\/924efd7113052fad5be9a34fd28932e1\"},\"headline\":\"Mif\u00e9le csal\u00e1dn\u00e9v ez a Laslavic? Egy\u00e1ltal\u00e1n hogy kell kiejteni?\",\"datePublished\":\"2022-11-29T10:28:36+00:00\",\"dateModified\":\"2022-11-29T10:36:37+00:00\",\"mainEntityOfPage\":{\"@id\":\"https:\/\/timealaslavic.ro\/hu\/blog\/mifele-csaladnev-ez-a-laslavic\/\"},\"wordCount\":681,\"commentCount\":0,\"publisher\":{\"@id\":\"https:\/\/timealaslavic.ro\/hu\/#\/schema\/person\/924efd7113052fad5be9a34fd28932e1\"},\"image\":{\"@id\":\"https:\/\/timealaslavic.ro\/hu\/blog\/mifele-csaladnev-ez-a-laslavic\/#primaryimage\"},\"thumbnailUrl\":\"https:\/\/timealaslavic.ro\/hu\/wp-content\/uploads\/2022\/11\/KMA3772_1.jpg\",\"keywords\":[\"laslavic\",\"laszl\u00e1vik\"],\"articleSection\":[\"Blog\"],\"inLanguage\":\"hu\",\"potentialAction\":[{\"@type\":\"CommentAction\",\"name\":\"Comment\",\"target\":[\"https:\/\/timealaslavic.ro\/hu\/blog\/mifele-csaladnev-ez-a-laslavic\/#respond\"]}]},{\"@type\":\"WebPage\",\"@id\":\"https:\/\/timealaslavic.ro\/hu\/blog\/mifele-csaladnev-ez-a-laslavic\/\",\"url\":\"https:\/\/timealaslavic.ro\/hu\/blog\/mifele-csaladnev-ez-a-laslavic\/\",\"name\":\"Mif\u00e9le csal\u00e1dn\u00e9v ez a Laslavic? Egy\u00e1ltal\u00e1n hogy kell kiejteni? &#8902; Timea Laslavic\",\"isPartOf\":{\"@id\":\"https:\/\/timealaslavic.ro\/hu\/#website\"},\"primaryImageOfPage\":{\"@id\":\"https:\/\/timealaslavic.ro\/hu\/blog\/mifele-csaladnev-ez-a-laslavic\/#primaryimage\"},\"image\":{\"@id\":\"https:\/\/timealaslavic.ro\/hu\/blog\/mifele-csaladnev-ez-a-laslavic\/#primaryimage\"},\"thumbnailUrl\":\"https:\/\/timealaslavic.ro\/hu\/wp-content\/uploads\/2022\/11\/KMA3772_1.jpg\",\"datePublished\":\"2022-11-29T10:28:36+00:00\",\"dateModified\":\"2022-11-29T10:36:37+00:00\",\"description\":\"Magyarorsz\u00e1gon sokszor megk\u00e9rdezik t\u0151lem, hogy a csal\u00e1dnevemet hogyan kell kiejteni. Ez kicsit bonyolult...\",\"breadcrumb\":{\"@id\":\"https:\/\/timealaslavic.ro\/hu\/blog\/mifele-csaladnev-ez-a-laslavic\/#breadcrumb\"},\"inLanguage\":\"hu\",\"potentialAction\":[{\"@type\":\"ReadAction\",\"target\":[\"https:\/\/timealaslavic.ro\/hu\/blog\/mifele-csaladnev-ez-a-laslavic\/\"]}]},{\"@type\":\"ImageObject\",\"inLanguage\":\"hu\",\"@id\":\"https:\/\/timealaslavic.ro\/hu\/blog\/mifele-csaladnev-ez-a-laslavic\/#primaryimage\",\"url\":\"https:\/\/timealaslavic.ro\/hu\/wp-content\/uploads\/2022\/11\/KMA3772_1.jpg\",\"contentUrl\":\"https:\/\/timealaslavic.ro\/hu\/wp-content\/uploads\/2022\/11\/KMA3772_1.jpg\",\"width\":1400,\"height\":932},{\"@type\":\"BreadcrumbList\",\"@id\":\"https:\/\/timealaslavic.ro\/hu\/blog\/mifele-csaladnev-ez-a-laslavic\/#breadcrumb\",\"itemListElement\":[{\"@type\":\"ListItem\",\"position\":1,\"name\":\"Home\",\"item\":\"https:\/\/timealaslavic.ro\/hu\/\"},{\"@type\":\"ListItem\",\"position\":2,\"name\":\"Mif\u00e9le csal\u00e1dn\u00e9v ez a Laslavic? Egy\u00e1ltal\u00e1n hogy kell kiejteni?\"}]},{\"@type\":\"WebSite\",\"@id\":\"https:\/\/timealaslavic.ro\/hu\/#website\",\"url\":\"https:\/\/timealaslavic.ro\/hu\/\",\"name\":\"Timea Laslavic\",\"description\":\"Magyar-rom\u00e1n, rom\u00e1n-magyar ford\u00edt\u00e1sok\",\"publisher\":{\"@id\":\"https:\/\/timealaslavic.ro\/hu\/#\/schema\/person\/924efd7113052fad5be9a34fd28932e1\"},\"potentialAction\":[{\"@type\":\"SearchAction\",\"target\":{\"@type\":\"EntryPoint\",\"urlTemplate\":\"https:\/\/timealaslavic.ro\/hu\/?s={search_term_string}\"},\"query-input\":{\"@type\":\"PropertyValueSpecification\",\"valueRequired\":true,\"valueName\":\"search_term_string\"}}],\"inLanguage\":\"hu\"},{\"@type\":[\"Person\",\"Organization\"],\"@id\":\"https:\/\/timealaslavic.ro\/hu\/#\/schema\/person\/924efd7113052fad5be9a34fd28932e1\",\"name\":\"Timea Laslavic\",\"image\":{\"@type\":\"ImageObject\",\"inLanguage\":\"hu\",\"@id\":\"https:\/\/timealaslavic.ro\/hu\/#\/schema\/person\/image\/\",\"url\":\"https:\/\/hostedbybeeline.eu\/timea\/wp-content\/uploads\/2021\/10\/timea-main-logo.png\",\"contentUrl\":\"https:\/\/hostedbybeeline.eu\/timea\/wp-content\/uploads\/2021\/10\/timea-main-logo.png\",\"width\":322,\"height\":65,\"caption\":\"Timea Laslavic\"},\"logo\":{\"@id\":\"https:\/\/timealaslavic.ro\/hu\/#\/schema\/person\/image\/\"},\"url\":\"https:\/\/timealaslavic.ro\/hu\/author\/admintimea\/\"}]}<\/script>\n<!-- \/ Yoast SEO plugin. -->","yoast_head_json":{"title":"Mif\u00e9le csal\u00e1dn\u00e9v ez a Laslavic? Egy\u00e1ltal\u00e1n hogy kell kiejteni? &#8902; Timea Laslavic","description":"Magyarorsz\u00e1gon sokszor megk\u00e9rdezik t\u0151lem, hogy a csal\u00e1dnevemet hogyan kell kiejteni. Ez kicsit bonyolult...","robots":{"index":"index","follow":"follow","max-snippet":"max-snippet:-1","max-image-preview":"max-image-preview:large","max-video-preview":"max-video-preview:-1"},"canonical":"https:\/\/timealaslavic.ro\/hu\/blog\/mifele-csaladnev-ez-a-laslavic\/","og_locale":"hu_HU","og_type":"article","og_title":"Mif\u00e9le csal\u00e1dn\u00e9v ez a Laslavic? Egy\u00e1ltal\u00e1n hogy kell kiejteni? &#8902; Timea Laslavic","og_description":"Magyarorsz\u00e1gon sokszor megk\u00e9rdezik t\u0151lem, hogy a csal\u00e1dnevemet hogyan kell kiejteni. Ez kicsit bonyolult...","og_url":"https:\/\/timealaslavic.ro\/hu\/blog\/mifele-csaladnev-ez-a-laslavic\/","og_site_name":"Timea Laslavic","article_published_time":"2022-11-29T10:28:36+00:00","article_modified_time":"2022-11-29T10:36:37+00:00","og_image":[{"width":1400,"height":932,"url":"https:\/\/timealaslavic.ro\/hu\/wp-content\/uploads\/2022\/11\/KMA3772_1.jpg","type":"image\/jpeg"}],"author":"Timea Laslavic","twitter_card":"summary_large_image","twitter_misc":{"Szerz\u0151:":"Timea Laslavic","Becs\u00fclt olvas\u00e1si id\u0151":"3 perc"},"schema":{"@context":"https:\/\/schema.org","@graph":[{"@type":"Article","@id":"https:\/\/timealaslavic.ro\/hu\/blog\/mifele-csaladnev-ez-a-laslavic\/#article","isPartOf":{"@id":"https:\/\/timealaslavic.ro\/hu\/blog\/mifele-csaladnev-ez-a-laslavic\/"},"author":{"name":"Timea Laslavic","@id":"https:\/\/timealaslavic.ro\/hu\/#\/schema\/person\/924efd7113052fad5be9a34fd28932e1"},"headline":"Mif\u00e9le csal\u00e1dn\u00e9v ez a Laslavic? Egy\u00e1ltal\u00e1n hogy kell kiejteni?","datePublished":"2022-11-29T10:28:36+00:00","dateModified":"2022-11-29T10:36:37+00:00","mainEntityOfPage":{"@id":"https:\/\/timealaslavic.ro\/hu\/blog\/mifele-csaladnev-ez-a-laslavic\/"},"wordCount":681,"commentCount":0,"publisher":{"@id":"https:\/\/timealaslavic.ro\/hu\/#\/schema\/person\/924efd7113052fad5be9a34fd28932e1"},"image":{"@id":"https:\/\/timealaslavic.ro\/hu\/blog\/mifele-csaladnev-ez-a-laslavic\/#primaryimage"},"thumbnailUrl":"https:\/\/timealaslavic.ro\/hu\/wp-content\/uploads\/2022\/11\/KMA3772_1.jpg","keywords":["laslavic","laszl\u00e1vik"],"articleSection":["Blog"],"inLanguage":"hu","potentialAction":[{"@type":"CommentAction","name":"Comment","target":["https:\/\/timealaslavic.ro\/hu\/blog\/mifele-csaladnev-ez-a-laslavic\/#respond"]}]},{"@type":"WebPage","@id":"https:\/\/timealaslavic.ro\/hu\/blog\/mifele-csaladnev-ez-a-laslavic\/","url":"https:\/\/timealaslavic.ro\/hu\/blog\/mifele-csaladnev-ez-a-laslavic\/","name":"Mif\u00e9le csal\u00e1dn\u00e9v ez a Laslavic? Egy\u00e1ltal\u00e1n hogy kell kiejteni? &#8902; Timea Laslavic","isPartOf":{"@id":"https:\/\/timealaslavic.ro\/hu\/#website"},"primaryImageOfPage":{"@id":"https:\/\/timealaslavic.ro\/hu\/blog\/mifele-csaladnev-ez-a-laslavic\/#primaryimage"},"image":{"@id":"https:\/\/timealaslavic.ro\/hu\/blog\/mifele-csaladnev-ez-a-laslavic\/#primaryimage"},"thumbnailUrl":"https:\/\/timealaslavic.ro\/hu\/wp-content\/uploads\/2022\/11\/KMA3772_1.jpg","datePublished":"2022-11-29T10:28:36+00:00","dateModified":"2022-11-29T10:36:37+00:00","description":"Magyarorsz\u00e1gon sokszor megk\u00e9rdezik t\u0151lem, hogy a csal\u00e1dnevemet hogyan kell kiejteni. Ez kicsit bonyolult...","breadcrumb":{"@id":"https:\/\/timealaslavic.ro\/hu\/blog\/mifele-csaladnev-ez-a-laslavic\/#breadcrumb"},"inLanguage":"hu","potentialAction":[{"@type":"ReadAction","target":["https:\/\/timealaslavic.ro\/hu\/blog\/mifele-csaladnev-ez-a-laslavic\/"]}]},{"@type":"ImageObject","inLanguage":"hu","@id":"https:\/\/timealaslavic.ro\/hu\/blog\/mifele-csaladnev-ez-a-laslavic\/#primaryimage","url":"https:\/\/timealaslavic.ro\/hu\/wp-content\/uploads\/2022\/11\/KMA3772_1.jpg","contentUrl":"https:\/\/timealaslavic.ro\/hu\/wp-content\/uploads\/2022\/11\/KMA3772_1.jpg","width":1400,"height":932},{"@type":"BreadcrumbList","@id":"https:\/\/timealaslavic.ro\/hu\/blog\/mifele-csaladnev-ez-a-laslavic\/#breadcrumb","itemListElement":[{"@type":"ListItem","position":1,"name":"Home","item":"https:\/\/timealaslavic.ro\/hu\/"},{"@type":"ListItem","position":2,"name":"Mif\u00e9le csal\u00e1dn\u00e9v ez a Laslavic? Egy\u00e1ltal\u00e1n hogy kell kiejteni?"}]},{"@type":"WebSite","@id":"https:\/\/timealaslavic.ro\/hu\/#website","url":"https:\/\/timealaslavic.ro\/hu\/","name":"Timea Laslavic","description":"Magyar-rom\u00e1n, rom\u00e1n-magyar ford\u00edt\u00e1sok","publisher":{"@id":"https:\/\/timealaslavic.ro\/hu\/#\/schema\/person\/924efd7113052fad5be9a34fd28932e1"},"potentialAction":[{"@type":"SearchAction","target":{"@type":"EntryPoint","urlTemplate":"https:\/\/timealaslavic.ro\/hu\/?s={search_term_string}"},"query-input":{"@type":"PropertyValueSpecification","valueRequired":true,"valueName":"search_term_string"}}],"inLanguage":"hu"},{"@type":["Person","Organization"],"@id":"https:\/\/timealaslavic.ro\/hu\/#\/schema\/person\/924efd7113052fad5be9a34fd28932e1","name":"Timea Laslavic","image":{"@type":"ImageObject","inLanguage":"hu","@id":"https:\/\/timealaslavic.ro\/hu\/#\/schema\/person\/image\/","url":"https:\/\/hostedbybeeline.eu\/timea\/wp-content\/uploads\/2021\/10\/timea-main-logo.png","contentUrl":"https:\/\/hostedbybeeline.eu\/timea\/wp-content\/uploads\/2021\/10\/timea-main-logo.png","width":322,"height":65,"caption":"Timea Laslavic"},"logo":{"@id":"https:\/\/timealaslavic.ro\/hu\/#\/schema\/person\/image\/"},"url":"https:\/\/timealaslavic.ro\/hu\/author\/admintimea\/"}]}},"_links":{"self":[{"href":"https:\/\/timealaslavic.ro\/hu\/wp-json\/wp\/v2\/posts\/8370","targetHints":{"allow":["GET"]}}],"collection":[{"href":"https:\/\/timealaslavic.ro\/hu\/wp-json\/wp\/v2\/posts"}],"about":[{"href":"https:\/\/timealaslavic.ro\/hu\/wp-json\/wp\/v2\/types\/post"}],"author":[{"embeddable":true,"href":"https:\/\/timealaslavic.ro\/hu\/wp-json\/wp\/v2\/users\/1"}],"replies":[{"embeddable":true,"href":"https:\/\/timealaslavic.ro\/hu\/wp-json\/wp\/v2\/comments?post=8370"}],"version-history":[{"count":0,"href":"https:\/\/timealaslavic.ro\/hu\/wp-json\/wp\/v2\/posts\/8370\/revisions"}],"wp:featuredmedia":[{"embeddable":true,"href":"https:\/\/timealaslavic.ro\/hu\/wp-json\/wp\/v2\/media\/8371"}],"wp:attachment":[{"href":"https:\/\/timealaslavic.ro\/hu\/wp-json\/wp\/v2\/media?parent=8370"}],"wp:term":[{"taxonomy":"category","embeddable":true,"href":"https:\/\/timealaslavic.ro\/hu\/wp-json\/wp\/v2\/categories?post=8370"},{"taxonomy":"post_tag","embeddable":true,"href":"https:\/\/timealaslavic.ro\/hu\/wp-json\/wp\/v2\/tags?post=8370"}],"curies":[{"name":"wp","href":"https:\/\/api.w.org\/{rel}","templated":true}]}}