{"id":8387,"date":"2023-01-21T08:26:55","date_gmt":"2023-01-21T08:26:55","guid":{"rendered":"https:\/\/timealaslavic.ro\/hu\/?p=8387"},"modified":"2023-01-21T08:27:52","modified_gmt":"2023-01-21T08:27:52","slug":"miert-draga-szolgaltatas-a-forditas","status":"publish","type":"post","link":"https:\/\/timealaslavic.ro\/hu\/blog\/miert-draga-szolgaltatas-a-forditas\/","title":{"rendered":"Mi\u00e9rt dr\u00e1ga szolg\u00e1ltat\u00e1s a ford\u00edt\u00e1s?"},"content":{"rendered":"\n<p class=\"has-text-color\" style=\"color:#101010;font-size:24px\">Az, hogy valami dr\u00e1ga, vagy hogy valaminek magas az \u00e1ra, term\u00e9szetesen relat\u00edv dolog. Ebben a blogbejegyz\u00e9sben nem is ezt szeretn\u00e9m taglalni, hanem azt, hogy mit tartalmaz az az \u00e1r, amelyet meg\u00e1llap\u00edtanak a ford\u00edt\u00f3k egy oldal leford\u00edt\u00e1s\u00e1\u00e9rt. L\u00e1ssuk!<\/p>\n\n\n\n<hr class=\"wp-block-separator has-css-opacity is-style-dots\"\/>\n\n\n\n<p class=\"has-drop-cap\">R\u00f6viden: a ford\u00edt\u00e1s \u00e1ra tartalmazza a felmer\u00fcl\u0151 k\u00f6lts\u00e9geket, a kifizetend\u0151 ad\u00f3kat \u00e9s a profitot. Hajlamosak vagyunk megfeledkezni arr\u00f3l, hogy egy szolg\u00e1ltat\u00e1s ny\u00fajt\u00e1sakor k\u00f6lts\u00e9gek is keletkeznek, meg hogy ad\u00f3t \u00e9s egyebeket is kell fizetni.<\/p>\n\n\n\n<p>Nekem nincs is irod\u00e1m, hanem otthonr\u00f3l dolgozom, mint szabad\u00fasz\u00f3. Nincs teh\u00e1t b\u00e9rleti \u00e9s egy\u00e9b k\u00f6lts\u00e9gem, viszont van egy \u00edr\u00f3asztalom, egy k\u00e9nyelmes sz\u00e9kem, egy j\u00f3 laptopom, egy vezet\u00e9kes telefonom, egy mobiltelefonom, egy nyomtat\u00f3m. Ezek mind p\u00e9nzbe ker\u00fcltek \u00e9s ker\u00fclnek. \u00c9s kopnak.<\/p>\n\n\n\n<p>Van tov\u00e1bb\u00e1 el\u0151fizet\u00e9sem telefonra, internetre, van \u00e1ramsz\u00e1ml\u00e1m, kel nyomtat\u00f3, kell pap\u00edr, kell irattart\u00f3, kell bor\u00edt\u00e9k, kell fest\u00e9k a nyomtat\u00f3ba, kell fest\u00e9k a b\u00e9lyegz\u0151be. \u00c9s sok egy\u00e9b apr\u00f3s\u00e1g. <\/p>\n\n\n\n<p>N\u00e9hanapj\u00e1n ki kell sz\u00e1llnom terepre vagy int\u00e9zni; ilyenkor kell egy aut\u00f3, \u00fczemanyag, parkol\u00e1s. Vagy taxi. Vagy t\u00f6megk\u00f6zleked\u00e9s. Mind-mind p\u00e9nz. <\/p>\n\n\n\n<p>A banksz\u00e1mla fenntart\u00e1s\u00e1val, a kifizet\u00e9sekkel is j\u00e1rnak k\u00f6lts\u00e9gek. A k\u00f6nyvel\u0151 havi d\u00edj\u00e1r\u00f3l ne is besz\u00e9ljek! A honlap is p\u00e9nzbe ker\u00fclt \u00e9s ker\u00fcl, friss\u00edteni kell, sz\u00fcks\u00e9g van j\u00f3 fot\u00f3kra, kell hosting, kell domain-n\u00e9v. Kell marketing, kell rekl\u00e1m, kell social media jelenl\u00e9t. Ez is id\u0151, energia, p\u00e9nz. <\/p>\n\n\n\n<p>\u00c9s hol van az a rengeteg minden, amit az \u00e1llam fel\u00e9 ki kell fizetni? Ad\u00f3k, t\u00e1rsadalom- \u00e9s eg\u00e9szs\u00e9g\u00fcgyi biztos\u00edt\u00e1si j\u00e1rul\u00e9kok stb. <\/p>\n\n\n\n<p>Ezek mind-mind benne vannak a ford\u00edt\u00e1s \u00e1r\u00e1ban. Ahogyan a tud\u00e1som, a tapasztalatom is. A ford\u00edt\u00e1sra r\u00e1ford\u00edtott id\u0151, de az \u00fcgyf\u00e9llel val\u00f3 kommunik\u00e1ci\u00f3val elt\u00f6lt\u00f6tt id\u0151 is. Az, hogy el\u00e9rhet\u0151 vagyok. Az, hogy felel\u0151ss\u00e9get v\u00e1llalok az elv\u00e9gzett munk\u00e1\u00e9rt. <\/p>\n\n\n\n<p>A min\u0151s\u00e9g p\u00e9nzbe ker\u00fcl. <\/p>\n\n\n\n<p>\u00c9s m\u00e9g ott van az \u00fagynevezett piaci \u00e1r is &#8211; m\u00e1s \u00e9s m\u00e1s \u00e1rak vannak orsz\u00e1gonk\u00e9nt, v\u00e1rosonk\u00e9nt, att\u00f3l f\u00fcgg\u0151en, hogy milyen nyelvr\u0151l milyen nyelvre ford\u00edtunk, van-e konkurencia az adott nyelvp\u00e1rosban&#8230; stb. stb. <\/p>\n\n\n\n<figure class=\"wp-block-image size-full\"><img fetchpriority=\"high\" decoding=\"async\" width=\"960\" height=\"637\" src=\"https:\/\/timealaslavic.ro\/hu\/wp-content\/uploads\/2023\/01\/office-620822_960_720.jpg\" alt=\"\" class=\"wp-image-8388\" srcset=\"https:\/\/timealaslavic.ro\/hu\/wp-content\/uploads\/2023\/01\/office-620822_960_720.jpg 960w, https:\/\/timealaslavic.ro\/hu\/wp-content\/uploads\/2023\/01\/office-620822_960_720-300x199.jpg 300w, https:\/\/timealaslavic.ro\/hu\/wp-content\/uploads\/2023\/01\/office-620822_960_720-768x510.jpg 768w\" sizes=\"(max-width: 960px) 100vw, 960px\" \/><\/figure>\n\n\n\n<p>A ford\u00edt\u00e1s \u00e1r\u00e1t nem hasra\u00fct\u00e9sre \u00e1llap\u00edtjuk meg, hanem mindezek figyelembev\u00e9tel\u00e9vel. <\/p>\n\n\n\n<p>Ha ford\u00edt\u00e1sra van sz\u00fcks\u00e9ged \u00e9s ki tudod fizetni annak ellen\u00e9rt\u00e9k\u00e9t, megtisztelve a munk\u00e1mat: traduceri@timealaslavic.ro<\/p>\n\n\n\n<p><\/p>\n","protected":false},"excerpt":{"rendered":"<p>Az, hogy valami dr\u00e1ga, vagy hogy valaminek magas az \u00e1ra, term\u00e9szetesen relat\u00edv dolog. Ebben a blogbejegyz\u00e9sben nem is ezt szeretn\u00e9m taglalni, hanem azt, hogy mit tartalmaz az&hellip;<\/p>\n","protected":false},"author":1,"featured_media":8389,"comment_status":"open","ping_status":"closed","sticky":false,"template":"","format":"standard","meta":{"footnotes":""},"categories":[333],"tags":[347,348,349],"class_list":["post-8387","post","type-post","status-publish","format-standard","has-post-thumbnail","hentry","category-blog","tag-forditas","tag-roman-nyelv","tag-temesvar"],"yoast_head":"<!-- This site is optimized with the Yoast SEO plugin v26.0 - https:\/\/yoast.com\/wordpress\/plugins\/seo\/ -->\n<title>Mi\u00e9rt dr\u00e1ga szolg\u00e1ltat\u00e1s a ford\u00edt\u00e1s? &#8902; Timea Laslavic<\/title>\n<meta name=\"description\" content=\"Pentru c\u0103 traducerile din limba maghiar\u0103 \u00een limba rom\u00e2n\u0103 le sunt absolut necesare unor oameni care vor s\u0103 ob\u021bin\u0103 acolo cet\u0103\u021benia rom\u00e2n\u0103.\" \/>\n<meta name=\"robots\" content=\"index, follow, max-snippet:-1, max-image-preview:large, max-video-preview:-1\" \/>\n<link rel=\"canonical\" href=\"https:\/\/timealaslavic.ro\/hu\/blog\/miert-draga-szolgaltatas-a-forditas\/\" \/>\n<meta property=\"og:locale\" content=\"hu_HU\" \/>\n<meta property=\"og:type\" content=\"article\" \/>\n<meta property=\"og:title\" content=\"Mi\u00e9rt dr\u00e1ga szolg\u00e1ltat\u00e1s a ford\u00edt\u00e1s? &#8902; Timea Laslavic\" \/>\n<meta property=\"og:description\" content=\"Pentru c\u0103 traducerile din limba maghiar\u0103 \u00een limba rom\u00e2n\u0103 le sunt absolut necesare unor oameni care vor s\u0103 ob\u021bin\u0103 acolo cet\u0103\u021benia rom\u00e2n\u0103.\" \/>\n<meta property=\"og:url\" content=\"https:\/\/timealaslavic.ro\/hu\/blog\/miert-draga-szolgaltatas-a-forditas\/\" \/>\n<meta property=\"og:site_name\" content=\"Timea Laslavic\" \/>\n<meta property=\"article:published_time\" content=\"2023-01-21T08:26:55+00:00\" \/>\n<meta property=\"article:modified_time\" content=\"2023-01-21T08:27:52+00:00\" \/>\n<meta property=\"og:image\" content=\"https:\/\/timealaslavic.ro\/hu\/wp-content\/uploads\/2023\/01\/money-g1c61a9553_1920.jpg\" \/>\n\t<meta property=\"og:image:width\" content=\"1920\" \/>\n\t<meta property=\"og:image:height\" content=\"1280\" \/>\n\t<meta property=\"og:image:type\" content=\"image\/jpeg\" \/>\n<meta name=\"author\" content=\"Timea Laslavic\" \/>\n<meta name=\"twitter:card\" content=\"summary_large_image\" \/>\n<meta name=\"twitter:label1\" content=\"Szerz\u0151:\" \/>\n\t<meta name=\"twitter:data1\" content=\"Timea Laslavic\" \/>\n\t<meta name=\"twitter:label2\" content=\"Becs\u00fclt olvas\u00e1si id\u0151\" \/>\n\t<meta name=\"twitter:data2\" content=\"2 perc\" \/>\n<script type=\"application\/ld+json\" class=\"yoast-schema-graph\">{\"@context\":\"https:\/\/schema.org\",\"@graph\":[{\"@type\":\"Article\",\"@id\":\"https:\/\/timealaslavic.ro\/hu\/blog\/miert-draga-szolgaltatas-a-forditas\/#article\",\"isPartOf\":{\"@id\":\"https:\/\/timealaslavic.ro\/hu\/blog\/miert-draga-szolgaltatas-a-forditas\/\"},\"author\":{\"name\":\"Timea Laslavic\",\"@id\":\"https:\/\/timealaslavic.ro\/hu\/#\/schema\/person\/924efd7113052fad5be9a34fd28932e1\"},\"headline\":\"Mi\u00e9rt dr\u00e1ga szolg\u00e1ltat\u00e1s a ford\u00edt\u00e1s?\",\"datePublished\":\"2023-01-21T08:26:55+00:00\",\"dateModified\":\"2023-01-21T08:27:52+00:00\",\"mainEntityOfPage\":{\"@id\":\"https:\/\/timealaslavic.ro\/hu\/blog\/miert-draga-szolgaltatas-a-forditas\/\"},\"wordCount\":484,\"commentCount\":0,\"publisher\":{\"@id\":\"https:\/\/timealaslavic.ro\/hu\/#\/schema\/person\/924efd7113052fad5be9a34fd28932e1\"},\"image\":{\"@id\":\"https:\/\/timealaslavic.ro\/hu\/blog\/miert-draga-szolgaltatas-a-forditas\/#primaryimage\"},\"thumbnailUrl\":\"https:\/\/timealaslavic.ro\/hu\/wp-content\/uploads\/2023\/01\/money-g1c61a9553_1920.jpg\",\"keywords\":[\"forditas\",\"roman nyelv\",\"temesvar\"],\"articleSection\":[\"Blog\"],\"inLanguage\":\"hu\",\"potentialAction\":[{\"@type\":\"CommentAction\",\"name\":\"Comment\",\"target\":[\"https:\/\/timealaslavic.ro\/hu\/blog\/miert-draga-szolgaltatas-a-forditas\/#respond\"]}]},{\"@type\":\"WebPage\",\"@id\":\"https:\/\/timealaslavic.ro\/hu\/blog\/miert-draga-szolgaltatas-a-forditas\/\",\"url\":\"https:\/\/timealaslavic.ro\/hu\/blog\/miert-draga-szolgaltatas-a-forditas\/\",\"name\":\"Mi\u00e9rt dr\u00e1ga szolg\u00e1ltat\u00e1s a ford\u00edt\u00e1s? &#8902; Timea Laslavic\",\"isPartOf\":{\"@id\":\"https:\/\/timealaslavic.ro\/hu\/#website\"},\"primaryImageOfPage\":{\"@id\":\"https:\/\/timealaslavic.ro\/hu\/blog\/miert-draga-szolgaltatas-a-forditas\/#primaryimage\"},\"image\":{\"@id\":\"https:\/\/timealaslavic.ro\/hu\/blog\/miert-draga-szolgaltatas-a-forditas\/#primaryimage\"},\"thumbnailUrl\":\"https:\/\/timealaslavic.ro\/hu\/wp-content\/uploads\/2023\/01\/money-g1c61a9553_1920.jpg\",\"datePublished\":\"2023-01-21T08:26:55+00:00\",\"dateModified\":\"2023-01-21T08:27:52+00:00\",\"description\":\"Pentru c\u0103 traducerile din limba maghiar\u0103 \u00een limba rom\u00e2n\u0103 le sunt absolut necesare unor oameni care vor s\u0103 ob\u021bin\u0103 acolo cet\u0103\u021benia rom\u00e2n\u0103.\",\"breadcrumb\":{\"@id\":\"https:\/\/timealaslavic.ro\/hu\/blog\/miert-draga-szolgaltatas-a-forditas\/#breadcrumb\"},\"inLanguage\":\"hu\",\"potentialAction\":[{\"@type\":\"ReadAction\",\"target\":[\"https:\/\/timealaslavic.ro\/hu\/blog\/miert-draga-szolgaltatas-a-forditas\/\"]}]},{\"@type\":\"ImageObject\",\"inLanguage\":\"hu\",\"@id\":\"https:\/\/timealaslavic.ro\/hu\/blog\/miert-draga-szolgaltatas-a-forditas\/#primaryimage\",\"url\":\"https:\/\/timealaslavic.ro\/hu\/wp-content\/uploads\/2023\/01\/money-g1c61a9553_1920.jpg\",\"contentUrl\":\"https:\/\/timealaslavic.ro\/hu\/wp-content\/uploads\/2023\/01\/money-g1c61a9553_1920.jpg\",\"width\":1920,\"height\":1280},{\"@type\":\"BreadcrumbList\",\"@id\":\"https:\/\/timealaslavic.ro\/hu\/blog\/miert-draga-szolgaltatas-a-forditas\/#breadcrumb\",\"itemListElement\":[{\"@type\":\"ListItem\",\"position\":1,\"name\":\"Home\",\"item\":\"https:\/\/timealaslavic.ro\/hu\/\"},{\"@type\":\"ListItem\",\"position\":2,\"name\":\"Mi\u00e9rt dr\u00e1ga szolg\u00e1ltat\u00e1s a ford\u00edt\u00e1s?\"}]},{\"@type\":\"WebSite\",\"@id\":\"https:\/\/timealaslavic.ro\/hu\/#website\",\"url\":\"https:\/\/timealaslavic.ro\/hu\/\",\"name\":\"Timea Laslavic\",\"description\":\"Magyar-rom\u00e1n, rom\u00e1n-magyar ford\u00edt\u00e1sok\",\"publisher\":{\"@id\":\"https:\/\/timealaslavic.ro\/hu\/#\/schema\/person\/924efd7113052fad5be9a34fd28932e1\"},\"potentialAction\":[{\"@type\":\"SearchAction\",\"target\":{\"@type\":\"EntryPoint\",\"urlTemplate\":\"https:\/\/timealaslavic.ro\/hu\/?s={search_term_string}\"},\"query-input\":{\"@type\":\"PropertyValueSpecification\",\"valueRequired\":true,\"valueName\":\"search_term_string\"}}],\"inLanguage\":\"hu\"},{\"@type\":[\"Person\",\"Organization\"],\"@id\":\"https:\/\/timealaslavic.ro\/hu\/#\/schema\/person\/924efd7113052fad5be9a34fd28932e1\",\"name\":\"Timea Laslavic\",\"image\":{\"@type\":\"ImageObject\",\"inLanguage\":\"hu\",\"@id\":\"https:\/\/timealaslavic.ro\/hu\/#\/schema\/person\/image\/\",\"url\":\"https:\/\/hostedbybeeline.eu\/timea\/wp-content\/uploads\/2021\/10\/timea-main-logo.png\",\"contentUrl\":\"https:\/\/hostedbybeeline.eu\/timea\/wp-content\/uploads\/2021\/10\/timea-main-logo.png\",\"width\":322,\"height\":65,\"caption\":\"Timea Laslavic\"},\"logo\":{\"@id\":\"https:\/\/timealaslavic.ro\/hu\/#\/schema\/person\/image\/\"},\"url\":\"https:\/\/timealaslavic.ro\/hu\/author\/admintimea\/\"}]}<\/script>\n<!-- \/ Yoast SEO plugin. -->","yoast_head_json":{"title":"Mi\u00e9rt dr\u00e1ga szolg\u00e1ltat\u00e1s a ford\u00edt\u00e1s? &#8902; Timea Laslavic","description":"Pentru c\u0103 traducerile din limba maghiar\u0103 \u00een limba rom\u00e2n\u0103 le sunt absolut necesare unor oameni care vor s\u0103 ob\u021bin\u0103 acolo cet\u0103\u021benia rom\u00e2n\u0103.","robots":{"index":"index","follow":"follow","max-snippet":"max-snippet:-1","max-image-preview":"max-image-preview:large","max-video-preview":"max-video-preview:-1"},"canonical":"https:\/\/timealaslavic.ro\/hu\/blog\/miert-draga-szolgaltatas-a-forditas\/","og_locale":"hu_HU","og_type":"article","og_title":"Mi\u00e9rt dr\u00e1ga szolg\u00e1ltat\u00e1s a ford\u00edt\u00e1s? &#8902; Timea Laslavic","og_description":"Pentru c\u0103 traducerile din limba maghiar\u0103 \u00een limba rom\u00e2n\u0103 le sunt absolut necesare unor oameni care vor s\u0103 ob\u021bin\u0103 acolo cet\u0103\u021benia rom\u00e2n\u0103.","og_url":"https:\/\/timealaslavic.ro\/hu\/blog\/miert-draga-szolgaltatas-a-forditas\/","og_site_name":"Timea Laslavic","article_published_time":"2023-01-21T08:26:55+00:00","article_modified_time":"2023-01-21T08:27:52+00:00","og_image":[{"width":1920,"height":1280,"url":"https:\/\/timealaslavic.ro\/hu\/wp-content\/uploads\/2023\/01\/money-g1c61a9553_1920.jpg","type":"image\/jpeg"}],"author":"Timea Laslavic","twitter_card":"summary_large_image","twitter_misc":{"Szerz\u0151:":"Timea Laslavic","Becs\u00fclt olvas\u00e1si id\u0151":"2 perc"},"schema":{"@context":"https:\/\/schema.org","@graph":[{"@type":"Article","@id":"https:\/\/timealaslavic.ro\/hu\/blog\/miert-draga-szolgaltatas-a-forditas\/#article","isPartOf":{"@id":"https:\/\/timealaslavic.ro\/hu\/blog\/miert-draga-szolgaltatas-a-forditas\/"},"author":{"name":"Timea Laslavic","@id":"https:\/\/timealaslavic.ro\/hu\/#\/schema\/person\/924efd7113052fad5be9a34fd28932e1"},"headline":"Mi\u00e9rt dr\u00e1ga szolg\u00e1ltat\u00e1s a ford\u00edt\u00e1s?","datePublished":"2023-01-21T08:26:55+00:00","dateModified":"2023-01-21T08:27:52+00:00","mainEntityOfPage":{"@id":"https:\/\/timealaslavic.ro\/hu\/blog\/miert-draga-szolgaltatas-a-forditas\/"},"wordCount":484,"commentCount":0,"publisher":{"@id":"https:\/\/timealaslavic.ro\/hu\/#\/schema\/person\/924efd7113052fad5be9a34fd28932e1"},"image":{"@id":"https:\/\/timealaslavic.ro\/hu\/blog\/miert-draga-szolgaltatas-a-forditas\/#primaryimage"},"thumbnailUrl":"https:\/\/timealaslavic.ro\/hu\/wp-content\/uploads\/2023\/01\/money-g1c61a9553_1920.jpg","keywords":["forditas","roman nyelv","temesvar"],"articleSection":["Blog"],"inLanguage":"hu","potentialAction":[{"@type":"CommentAction","name":"Comment","target":["https:\/\/timealaslavic.ro\/hu\/blog\/miert-draga-szolgaltatas-a-forditas\/#respond"]}]},{"@type":"WebPage","@id":"https:\/\/timealaslavic.ro\/hu\/blog\/miert-draga-szolgaltatas-a-forditas\/","url":"https:\/\/timealaslavic.ro\/hu\/blog\/miert-draga-szolgaltatas-a-forditas\/","name":"Mi\u00e9rt dr\u00e1ga szolg\u00e1ltat\u00e1s a ford\u00edt\u00e1s? &#8902; Timea Laslavic","isPartOf":{"@id":"https:\/\/timealaslavic.ro\/hu\/#website"},"primaryImageOfPage":{"@id":"https:\/\/timealaslavic.ro\/hu\/blog\/miert-draga-szolgaltatas-a-forditas\/#primaryimage"},"image":{"@id":"https:\/\/timealaslavic.ro\/hu\/blog\/miert-draga-szolgaltatas-a-forditas\/#primaryimage"},"thumbnailUrl":"https:\/\/timealaslavic.ro\/hu\/wp-content\/uploads\/2023\/01\/money-g1c61a9553_1920.jpg","datePublished":"2023-01-21T08:26:55+00:00","dateModified":"2023-01-21T08:27:52+00:00","description":"Pentru c\u0103 traducerile din limba maghiar\u0103 \u00een limba rom\u00e2n\u0103 le sunt absolut necesare unor oameni care vor s\u0103 ob\u021bin\u0103 acolo cet\u0103\u021benia rom\u00e2n\u0103.","breadcrumb":{"@id":"https:\/\/timealaslavic.ro\/hu\/blog\/miert-draga-szolgaltatas-a-forditas\/#breadcrumb"},"inLanguage":"hu","potentialAction":[{"@type":"ReadAction","target":["https:\/\/timealaslavic.ro\/hu\/blog\/miert-draga-szolgaltatas-a-forditas\/"]}]},{"@type":"ImageObject","inLanguage":"hu","@id":"https:\/\/timealaslavic.ro\/hu\/blog\/miert-draga-szolgaltatas-a-forditas\/#primaryimage","url":"https:\/\/timealaslavic.ro\/hu\/wp-content\/uploads\/2023\/01\/money-g1c61a9553_1920.jpg","contentUrl":"https:\/\/timealaslavic.ro\/hu\/wp-content\/uploads\/2023\/01\/money-g1c61a9553_1920.jpg","width":1920,"height":1280},{"@type":"BreadcrumbList","@id":"https:\/\/timealaslavic.ro\/hu\/blog\/miert-draga-szolgaltatas-a-forditas\/#breadcrumb","itemListElement":[{"@type":"ListItem","position":1,"name":"Home","item":"https:\/\/timealaslavic.ro\/hu\/"},{"@type":"ListItem","position":2,"name":"Mi\u00e9rt dr\u00e1ga szolg\u00e1ltat\u00e1s a ford\u00edt\u00e1s?"}]},{"@type":"WebSite","@id":"https:\/\/timealaslavic.ro\/hu\/#website","url":"https:\/\/timealaslavic.ro\/hu\/","name":"Timea Laslavic","description":"Magyar-rom\u00e1n, rom\u00e1n-magyar ford\u00edt\u00e1sok","publisher":{"@id":"https:\/\/timealaslavic.ro\/hu\/#\/schema\/person\/924efd7113052fad5be9a34fd28932e1"},"potentialAction":[{"@type":"SearchAction","target":{"@type":"EntryPoint","urlTemplate":"https:\/\/timealaslavic.ro\/hu\/?s={search_term_string}"},"query-input":{"@type":"PropertyValueSpecification","valueRequired":true,"valueName":"search_term_string"}}],"inLanguage":"hu"},{"@type":["Person","Organization"],"@id":"https:\/\/timealaslavic.ro\/hu\/#\/schema\/person\/924efd7113052fad5be9a34fd28932e1","name":"Timea Laslavic","image":{"@type":"ImageObject","inLanguage":"hu","@id":"https:\/\/timealaslavic.ro\/hu\/#\/schema\/person\/image\/","url":"https:\/\/hostedbybeeline.eu\/timea\/wp-content\/uploads\/2021\/10\/timea-main-logo.png","contentUrl":"https:\/\/hostedbybeeline.eu\/timea\/wp-content\/uploads\/2021\/10\/timea-main-logo.png","width":322,"height":65,"caption":"Timea Laslavic"},"logo":{"@id":"https:\/\/timealaslavic.ro\/hu\/#\/schema\/person\/image\/"},"url":"https:\/\/timealaslavic.ro\/hu\/author\/admintimea\/"}]}},"_links":{"self":[{"href":"https:\/\/timealaslavic.ro\/hu\/wp-json\/wp\/v2\/posts\/8387","targetHints":{"allow":["GET"]}}],"collection":[{"href":"https:\/\/timealaslavic.ro\/hu\/wp-json\/wp\/v2\/posts"}],"about":[{"href":"https:\/\/timealaslavic.ro\/hu\/wp-json\/wp\/v2\/types\/post"}],"author":[{"embeddable":true,"href":"https:\/\/timealaslavic.ro\/hu\/wp-json\/wp\/v2\/users\/1"}],"replies":[{"embeddable":true,"href":"https:\/\/timealaslavic.ro\/hu\/wp-json\/wp\/v2\/comments?post=8387"}],"version-history":[{"count":0,"href":"https:\/\/timealaslavic.ro\/hu\/wp-json\/wp\/v2\/posts\/8387\/revisions"}],"wp:featuredmedia":[{"embeddable":true,"href":"https:\/\/timealaslavic.ro\/hu\/wp-json\/wp\/v2\/media\/8389"}],"wp:attachment":[{"href":"https:\/\/timealaslavic.ro\/hu\/wp-json\/wp\/v2\/media?parent=8387"}],"wp:term":[{"taxonomy":"category","embeddable":true,"href":"https:\/\/timealaslavic.ro\/hu\/wp-json\/wp\/v2\/categories?post=8387"},{"taxonomy":"post_tag","embeddable":true,"href":"https:\/\/timealaslavic.ro\/hu\/wp-json\/wp\/v2\/tags?post=8387"}],"curies":[{"name":"wp","href":"https:\/\/api.w.org\/{rel}","templated":true}]}}