{"id":8393,"date":"2023-02-02T04:15:27","date_gmt":"2023-02-02T04:15:27","guid":{"rendered":"https:\/\/timealaslavic.ro\/hu\/?p=8393"},"modified":"2023-02-02T04:15:29","modified_gmt":"2023-02-02T04:15:29","slug":"egy-oldalnyi-forditas","status":"publish","type":"post","link":"https:\/\/timealaslavic.ro\/hu\/blog\/egy-oldalnyi-forditas\/","title":{"rendered":"&#8222;Egy oldalnyi ford\u00edt\u00e1s&#8221; &#8211; mit jelent?"},"content":{"rendered":"\n<p style=\"font-size:24px\">Mennyi az annyi? Nagyon sokszor megk\u00e9rdezik t\u0151lem, hogy mit jelent egy oldalnyi ford\u00edt\u00e1s, hogy sz\u00e1m\u00edtjuk ezt ki? \u00c9s ilyenkor elmondom. Egy oldal az 2000 karakter. Vagy 2000 le\u00fct\u00e9s, ha \u00fagy tetszik. Vagy 2000 bet\u0171, hogy egyszer\u0171bben fogalmazzak. \u00c9s ezen akkor sokan elcsod\u00e1lkoznak&#8230;<\/p>\n\n\n\n<hr class=\"wp-block-separator has-css-opacity is-style-default\"\/>\n\n\n\n<p class=\"has-drop-cap\">Sz\u00f3val az eur\u00f3pai standard az, hogy 1 oldal = 2000 le\u00fct\u00e9s, sz\u00f3k\u00f6z\u00f6kkel. Na de az a helyzet, hogy sokszor a ford\u00edt\u00f3khoz elhozott dokumentum oldalsz\u00e1ma nem azonos azzal az oldalsz\u00e1mmal, amennyi a ford\u00edt\u00e1s lesz, \u00e9s kezd\u0151dik a dr\u00e1ma: <em>De itt csak 2 oldal van, mi\u00e9rt kell 3 oldalnyi ford\u00edt\u00e1st kifizetnem?<\/em> Ez az\u00e9rt van \u00edgy, mert n\u00e9ha olyan apr\u00f3 bet\u0171kkel \u00edr\u00f3dott a sz\u00f6veg, hogy ak\u00e1r k\u00e9t oldalnyi sz\u00f6veg is jelen lehet egy oldalon. Vagy \u00e9ppen ellenkez\u0151leg: mivel a forr\u00e1sban lehetnek k\u00e9pek, \u00e1br\u00e1k, t\u00e1bl\u00e1zatok is, el\u0151fordulhat, hogy alig k\u00e9t oldalnyi sz\u00f6veg van azon a n\u00e9gy oldalas dokumentumon. <\/p>\n\n\n\n<p>A le\u00fct\u00e9sek sz\u00e1m\u00e1t \u00fagy tudjuk meg, hogy a sz\u00f6vegszerkeszt\u0151 (Word, Pages, OpenOffice, LibreOffice stb.) men\u00fcj\u00e9ben megkeress\u00fck a sz\u00e1ml\u00e1l\u00f3t. Az OpenOffice-ban p\u00e9ld\u00e1ul: Tools-Word Count. <\/p>\n\n\n\n<p>Ha m\u00e1r &#8222;word&#8221;, azaz &#8222;sz\u00f3&#8221;, akkor eml\u00edtsem meg, hogy egyes ter\u00fcleteken a sz\u00f3sz\u00e1mot veszik alapul. Rom\u00e1ni\u00e1ban, ahol \u00e9n dolgozom, ez nem elterjedt. \u00c9s \u00e9n sem szeretem. Az\u00e9rt nem, mert egyik-m\u00e1sik nyelvben sokkal hosszabb, \u00f6sszetettebb szavak vannak &#8211; \u00edgy p\u00e9ld\u00e1ul a magyar nyelvben is. De eml\u00edthetn\u00e9m ak\u00e1r a n\u00e9met nyelvet is. Teljesen kontraprodukt\u00edv teh\u00e1t, mert ami egy nyelvben 100 r\u00f6videbb vagy k\u00f6zepes hossz\u00fas\u00e1g\u00fa sz\u00f3, azt magyarul val\u00f3sz\u00edn\u0171, hogy sokkal kevesebb sz\u00f3val el lehet mondani, de azok a szavak hosszabbak lesznek, teh\u00e1t t\u00f6bb le\u00fct\u00e9s, t\u00f6bb munka a ford\u00edt\u00f3nak az eg\u00e9sz. A le\u00fct\u00e9ssz\u00e1m-alap\u00fa elsz\u00e1mol\u00e1st tartom a legkorrektebbnek, a legtiszt\u00e1bbnak &#8211; \u00e9s ezt alkalmazom, ak\u00e1rcsak a rom\u00e1niai koll\u00e9g\u00e1im nagy r\u00e9sze. <\/p>\n\n\n\n<p>\u00c9rdekess\u00e9gk\u00e9nt megjegyzem, hogy van egy olyan sz\u00e1mol\u00e1si lehet\u0151s\u00e9g is, hogy Times New Roman font, 12-es m\u00e9ret, 1,5 soros sork\u00f6z. \u00c9s az \u00fagy = 1 oldal. Ha megn\u00e9zitek, ez sokszor kevesebb, mint 2000 le\u00fct\u00e9s. Ezt sem szeretem, hiszen ha p\u00e9ld\u00e1ul p\u00e1rbesz\u00e9d zajlik, akkor az m\u00e9gis hogy lenne korrekt? Hamar meglenne az az 1 oldal, k\u00f6zben meg pedig tal\u00e1n 1000 le\u00fct\u00e9s sem volt ott&#8230; <\/p>\n\n\n\n<p>Ha a ford\u00edt\u00f3 azt mondja neked, 2000 le\u00fct\u00e9s egy oldal, fogadd el ezt a sz\u00e1m\u00edt\u00e1st, mert a legkorrektebb!<\/p>\n\n\n\n<p><\/p>\n\n\n\n<div class=\"wp-block-columns has-2-columns is-layout-flex wp-container-core-columns-is-layout-9d6595d7 wp-block-columns-is-layout-flex\">\n<div class=\"wp-block-column is-layout-flow wp-block-column-is-layout-flow\"><\/div>\n\n\n\n<div class=\"wp-block-column is-layout-flow wp-block-column-is-layout-flow\"><\/div>\n<\/div>\n\n\n\n<p><\/p>\n","protected":false},"excerpt":{"rendered":"<p>Mennyi az annyi? Nagyon sokszor megk\u00e9rdezik t\u0151lem, hogy mit jelent egy oldalnyi ford\u00edt\u00e1s, hogy sz\u00e1m\u00edtjuk ezt ki? \u00c9s ilyenkor elmondom. Egy oldal az 2000 karakter. Vagy 2000&hellip;<\/p>\n","protected":false},"author":1,"featured_media":8394,"comment_status":"open","ping_status":"closed","sticky":false,"template":"","format":"standard","meta":{"footnotes":""},"categories":[333],"tags":[347,348],"class_list":["post-8393","post","type-post","status-publish","format-standard","has-post-thumbnail","hentry","category-blog","tag-forditas","tag-roman-nyelv"],"yoast_head":"<!-- This site is optimized with the Yoast SEO plugin v26.0 - https:\/\/yoast.com\/wordpress\/plugins\/seo\/ -->\n<title>&quot;Egy oldalnyi ford\u00edt\u00e1s&quot; - mit jelent? &#8902; Timea Laslavic<\/title>\n<meta name=\"description\" content=\"Mennyi az annyi? Nagyon sokszor megk\u00e9rdezik t\u0151lem, hogy mit jelent egy oldalnyi ford\u00edt\u00e1s, hogy sz\u00e1m\u00edtjuk ezt ki? \u00c9s ilyenkor elmondom.\" \/>\n<meta name=\"robots\" content=\"index, follow, max-snippet:-1, max-image-preview:large, max-video-preview:-1\" \/>\n<link rel=\"canonical\" href=\"https:\/\/timealaslavic.ro\/hu\/blog\/egy-oldalnyi-forditas\/\" \/>\n<meta property=\"og:locale\" content=\"hu_HU\" \/>\n<meta property=\"og:type\" content=\"article\" \/>\n<meta property=\"og:title\" content=\"&quot;Egy oldalnyi ford\u00edt\u00e1s&quot; - mit jelent? &#8902; Timea Laslavic\" \/>\n<meta property=\"og:description\" content=\"Mennyi az annyi? Nagyon sokszor megk\u00e9rdezik t\u0151lem, hogy mit jelent egy oldalnyi ford\u00edt\u00e1s, hogy sz\u00e1m\u00edtjuk ezt ki? \u00c9s ilyenkor elmondom.\" \/>\n<meta property=\"og:url\" content=\"https:\/\/timealaslavic.ro\/hu\/blog\/egy-oldalnyi-forditas\/\" \/>\n<meta property=\"og:site_name\" content=\"Timea Laslavic\" \/>\n<meta property=\"article:published_time\" content=\"2023-02-02T04:15:27+00:00\" \/>\n<meta property=\"article:modified_time\" content=\"2023-02-02T04:15:29+00:00\" \/>\n<meta property=\"og:image\" content=\"https:\/\/timealaslavic.ro\/hu\/wp-content\/uploads\/2023\/01\/book-gde1d3ae52_1920.jpg\" \/>\n\t<meta property=\"og:image:width\" content=\"1920\" \/>\n\t<meta property=\"og:image:height\" content=\"1277\" \/>\n\t<meta property=\"og:image:type\" content=\"image\/jpeg\" \/>\n<meta name=\"author\" content=\"Timea Laslavic\" \/>\n<meta name=\"twitter:card\" content=\"summary_large_image\" \/>\n<meta name=\"twitter:label1\" content=\"Szerz\u0151:\" \/>\n\t<meta name=\"twitter:data1\" content=\"Timea Laslavic\" \/>\n\t<meta name=\"twitter:label2\" content=\"Becs\u00fclt olvas\u00e1si id\u0151\" \/>\n\t<meta name=\"twitter:data2\" content=\"2 perc\" \/>\n<script type=\"application\/ld+json\" class=\"yoast-schema-graph\">{\"@context\":\"https:\/\/schema.org\",\"@graph\":[{\"@type\":\"Article\",\"@id\":\"https:\/\/timealaslavic.ro\/hu\/blog\/egy-oldalnyi-forditas\/#article\",\"isPartOf\":{\"@id\":\"https:\/\/timealaslavic.ro\/hu\/blog\/egy-oldalnyi-forditas\/\"},\"author\":{\"name\":\"Timea Laslavic\",\"@id\":\"https:\/\/timealaslavic.ro\/hu\/#\/schema\/person\/924efd7113052fad5be9a34fd28932e1\"},\"headline\":\"&#8222;Egy oldalnyi ford\u00edt\u00e1s&#8221; &#8211; mit jelent?\",\"datePublished\":\"2023-02-02T04:15:27+00:00\",\"dateModified\":\"2023-02-02T04:15:29+00:00\",\"mainEntityOfPage\":{\"@id\":\"https:\/\/timealaslavic.ro\/hu\/blog\/egy-oldalnyi-forditas\/\"},\"wordCount\":465,\"commentCount\":0,\"publisher\":{\"@id\":\"https:\/\/timealaslavic.ro\/hu\/#\/schema\/person\/924efd7113052fad5be9a34fd28932e1\"},\"image\":{\"@id\":\"https:\/\/timealaslavic.ro\/hu\/blog\/egy-oldalnyi-forditas\/#primaryimage\"},\"thumbnailUrl\":\"https:\/\/timealaslavic.ro\/hu\/wp-content\/uploads\/2023\/01\/book-gde1d3ae52_1920.jpg\",\"keywords\":[\"forditas\",\"roman nyelv\"],\"articleSection\":[\"Blog\"],\"inLanguage\":\"hu\",\"potentialAction\":[{\"@type\":\"CommentAction\",\"name\":\"Comment\",\"target\":[\"https:\/\/timealaslavic.ro\/hu\/blog\/egy-oldalnyi-forditas\/#respond\"]}]},{\"@type\":\"WebPage\",\"@id\":\"https:\/\/timealaslavic.ro\/hu\/blog\/egy-oldalnyi-forditas\/\",\"url\":\"https:\/\/timealaslavic.ro\/hu\/blog\/egy-oldalnyi-forditas\/\",\"name\":\"\\\"Egy oldalnyi ford\u00edt\u00e1s\\\" - mit jelent? &#8902; Timea Laslavic\",\"isPartOf\":{\"@id\":\"https:\/\/timealaslavic.ro\/hu\/#website\"},\"primaryImageOfPage\":{\"@id\":\"https:\/\/timealaslavic.ro\/hu\/blog\/egy-oldalnyi-forditas\/#primaryimage\"},\"image\":{\"@id\":\"https:\/\/timealaslavic.ro\/hu\/blog\/egy-oldalnyi-forditas\/#primaryimage\"},\"thumbnailUrl\":\"https:\/\/timealaslavic.ro\/hu\/wp-content\/uploads\/2023\/01\/book-gde1d3ae52_1920.jpg\",\"datePublished\":\"2023-02-02T04:15:27+00:00\",\"dateModified\":\"2023-02-02T04:15:29+00:00\",\"description\":\"Mennyi az annyi? Nagyon sokszor megk\u00e9rdezik t\u0151lem, hogy mit jelent egy oldalnyi ford\u00edt\u00e1s, hogy sz\u00e1m\u00edtjuk ezt ki? \u00c9s ilyenkor elmondom.\",\"breadcrumb\":{\"@id\":\"https:\/\/timealaslavic.ro\/hu\/blog\/egy-oldalnyi-forditas\/#breadcrumb\"},\"inLanguage\":\"hu\",\"potentialAction\":[{\"@type\":\"ReadAction\",\"target\":[\"https:\/\/timealaslavic.ro\/hu\/blog\/egy-oldalnyi-forditas\/\"]}]},{\"@type\":\"ImageObject\",\"inLanguage\":\"hu\",\"@id\":\"https:\/\/timealaslavic.ro\/hu\/blog\/egy-oldalnyi-forditas\/#primaryimage\",\"url\":\"https:\/\/timealaslavic.ro\/hu\/wp-content\/uploads\/2023\/01\/book-gde1d3ae52_1920.jpg\",\"contentUrl\":\"https:\/\/timealaslavic.ro\/hu\/wp-content\/uploads\/2023\/01\/book-gde1d3ae52_1920.jpg\",\"width\":1920,\"height\":1277},{\"@type\":\"BreadcrumbList\",\"@id\":\"https:\/\/timealaslavic.ro\/hu\/blog\/egy-oldalnyi-forditas\/#breadcrumb\",\"itemListElement\":[{\"@type\":\"ListItem\",\"position\":1,\"name\":\"Home\",\"item\":\"https:\/\/timealaslavic.ro\/hu\/\"},{\"@type\":\"ListItem\",\"position\":2,\"name\":\"&#8220;Egy oldalnyi ford\u00edt\u00e1s&#8221; &#8211; mit jelent?\"}]},{\"@type\":\"WebSite\",\"@id\":\"https:\/\/timealaslavic.ro\/hu\/#website\",\"url\":\"https:\/\/timealaslavic.ro\/hu\/\",\"name\":\"Timea Laslavic\",\"description\":\"Magyar-rom\u00e1n, rom\u00e1n-magyar ford\u00edt\u00e1sok\",\"publisher\":{\"@id\":\"https:\/\/timealaslavic.ro\/hu\/#\/schema\/person\/924efd7113052fad5be9a34fd28932e1\"},\"potentialAction\":[{\"@type\":\"SearchAction\",\"target\":{\"@type\":\"EntryPoint\",\"urlTemplate\":\"https:\/\/timealaslavic.ro\/hu\/?s={search_term_string}\"},\"query-input\":{\"@type\":\"PropertyValueSpecification\",\"valueRequired\":true,\"valueName\":\"search_term_string\"}}],\"inLanguage\":\"hu\"},{\"@type\":[\"Person\",\"Organization\"],\"@id\":\"https:\/\/timealaslavic.ro\/hu\/#\/schema\/person\/924efd7113052fad5be9a34fd28932e1\",\"name\":\"Timea Laslavic\",\"image\":{\"@type\":\"ImageObject\",\"inLanguage\":\"hu\",\"@id\":\"https:\/\/timealaslavic.ro\/hu\/#\/schema\/person\/image\/\",\"url\":\"https:\/\/hostedbybeeline.eu\/timea\/wp-content\/uploads\/2021\/10\/timea-main-logo.png\",\"contentUrl\":\"https:\/\/hostedbybeeline.eu\/timea\/wp-content\/uploads\/2021\/10\/timea-main-logo.png\",\"width\":322,\"height\":65,\"caption\":\"Timea Laslavic\"},\"logo\":{\"@id\":\"https:\/\/timealaslavic.ro\/hu\/#\/schema\/person\/image\/\"},\"url\":\"https:\/\/timealaslavic.ro\/hu\/author\/admintimea\/\"}]}<\/script>\n<!-- \/ Yoast SEO plugin. -->","yoast_head_json":{"title":"\"Egy oldalnyi ford\u00edt\u00e1s\" - mit jelent? &#8902; Timea Laslavic","description":"Mennyi az annyi? Nagyon sokszor megk\u00e9rdezik t\u0151lem, hogy mit jelent egy oldalnyi ford\u00edt\u00e1s, hogy sz\u00e1m\u00edtjuk ezt ki? \u00c9s ilyenkor elmondom.","robots":{"index":"index","follow":"follow","max-snippet":"max-snippet:-1","max-image-preview":"max-image-preview:large","max-video-preview":"max-video-preview:-1"},"canonical":"https:\/\/timealaslavic.ro\/hu\/blog\/egy-oldalnyi-forditas\/","og_locale":"hu_HU","og_type":"article","og_title":"\"Egy oldalnyi ford\u00edt\u00e1s\" - mit jelent? &#8902; Timea Laslavic","og_description":"Mennyi az annyi? Nagyon sokszor megk\u00e9rdezik t\u0151lem, hogy mit jelent egy oldalnyi ford\u00edt\u00e1s, hogy sz\u00e1m\u00edtjuk ezt ki? \u00c9s ilyenkor elmondom.","og_url":"https:\/\/timealaslavic.ro\/hu\/blog\/egy-oldalnyi-forditas\/","og_site_name":"Timea Laslavic","article_published_time":"2023-02-02T04:15:27+00:00","article_modified_time":"2023-02-02T04:15:29+00:00","og_image":[{"width":1920,"height":1277,"url":"https:\/\/timealaslavic.ro\/hu\/wp-content\/uploads\/2023\/01\/book-gde1d3ae52_1920.jpg","type":"image\/jpeg"}],"author":"Timea Laslavic","twitter_card":"summary_large_image","twitter_misc":{"Szerz\u0151:":"Timea Laslavic","Becs\u00fclt olvas\u00e1si id\u0151":"2 perc"},"schema":{"@context":"https:\/\/schema.org","@graph":[{"@type":"Article","@id":"https:\/\/timealaslavic.ro\/hu\/blog\/egy-oldalnyi-forditas\/#article","isPartOf":{"@id":"https:\/\/timealaslavic.ro\/hu\/blog\/egy-oldalnyi-forditas\/"},"author":{"name":"Timea Laslavic","@id":"https:\/\/timealaslavic.ro\/hu\/#\/schema\/person\/924efd7113052fad5be9a34fd28932e1"},"headline":"&#8222;Egy oldalnyi ford\u00edt\u00e1s&#8221; &#8211; mit jelent?","datePublished":"2023-02-02T04:15:27+00:00","dateModified":"2023-02-02T04:15:29+00:00","mainEntityOfPage":{"@id":"https:\/\/timealaslavic.ro\/hu\/blog\/egy-oldalnyi-forditas\/"},"wordCount":465,"commentCount":0,"publisher":{"@id":"https:\/\/timealaslavic.ro\/hu\/#\/schema\/person\/924efd7113052fad5be9a34fd28932e1"},"image":{"@id":"https:\/\/timealaslavic.ro\/hu\/blog\/egy-oldalnyi-forditas\/#primaryimage"},"thumbnailUrl":"https:\/\/timealaslavic.ro\/hu\/wp-content\/uploads\/2023\/01\/book-gde1d3ae52_1920.jpg","keywords":["forditas","roman nyelv"],"articleSection":["Blog"],"inLanguage":"hu","potentialAction":[{"@type":"CommentAction","name":"Comment","target":["https:\/\/timealaslavic.ro\/hu\/blog\/egy-oldalnyi-forditas\/#respond"]}]},{"@type":"WebPage","@id":"https:\/\/timealaslavic.ro\/hu\/blog\/egy-oldalnyi-forditas\/","url":"https:\/\/timealaslavic.ro\/hu\/blog\/egy-oldalnyi-forditas\/","name":"\"Egy oldalnyi ford\u00edt\u00e1s\" - mit jelent? &#8902; Timea Laslavic","isPartOf":{"@id":"https:\/\/timealaslavic.ro\/hu\/#website"},"primaryImageOfPage":{"@id":"https:\/\/timealaslavic.ro\/hu\/blog\/egy-oldalnyi-forditas\/#primaryimage"},"image":{"@id":"https:\/\/timealaslavic.ro\/hu\/blog\/egy-oldalnyi-forditas\/#primaryimage"},"thumbnailUrl":"https:\/\/timealaslavic.ro\/hu\/wp-content\/uploads\/2023\/01\/book-gde1d3ae52_1920.jpg","datePublished":"2023-02-02T04:15:27+00:00","dateModified":"2023-02-02T04:15:29+00:00","description":"Mennyi az annyi? Nagyon sokszor megk\u00e9rdezik t\u0151lem, hogy mit jelent egy oldalnyi ford\u00edt\u00e1s, hogy sz\u00e1m\u00edtjuk ezt ki? \u00c9s ilyenkor elmondom.","breadcrumb":{"@id":"https:\/\/timealaslavic.ro\/hu\/blog\/egy-oldalnyi-forditas\/#breadcrumb"},"inLanguage":"hu","potentialAction":[{"@type":"ReadAction","target":["https:\/\/timealaslavic.ro\/hu\/blog\/egy-oldalnyi-forditas\/"]}]},{"@type":"ImageObject","inLanguage":"hu","@id":"https:\/\/timealaslavic.ro\/hu\/blog\/egy-oldalnyi-forditas\/#primaryimage","url":"https:\/\/timealaslavic.ro\/hu\/wp-content\/uploads\/2023\/01\/book-gde1d3ae52_1920.jpg","contentUrl":"https:\/\/timealaslavic.ro\/hu\/wp-content\/uploads\/2023\/01\/book-gde1d3ae52_1920.jpg","width":1920,"height":1277},{"@type":"BreadcrumbList","@id":"https:\/\/timealaslavic.ro\/hu\/blog\/egy-oldalnyi-forditas\/#breadcrumb","itemListElement":[{"@type":"ListItem","position":1,"name":"Home","item":"https:\/\/timealaslavic.ro\/hu\/"},{"@type":"ListItem","position":2,"name":"&#8220;Egy oldalnyi ford\u00edt\u00e1s&#8221; &#8211; mit jelent?"}]},{"@type":"WebSite","@id":"https:\/\/timealaslavic.ro\/hu\/#website","url":"https:\/\/timealaslavic.ro\/hu\/","name":"Timea Laslavic","description":"Magyar-rom\u00e1n, rom\u00e1n-magyar ford\u00edt\u00e1sok","publisher":{"@id":"https:\/\/timealaslavic.ro\/hu\/#\/schema\/person\/924efd7113052fad5be9a34fd28932e1"},"potentialAction":[{"@type":"SearchAction","target":{"@type":"EntryPoint","urlTemplate":"https:\/\/timealaslavic.ro\/hu\/?s={search_term_string}"},"query-input":{"@type":"PropertyValueSpecification","valueRequired":true,"valueName":"search_term_string"}}],"inLanguage":"hu"},{"@type":["Person","Organization"],"@id":"https:\/\/timealaslavic.ro\/hu\/#\/schema\/person\/924efd7113052fad5be9a34fd28932e1","name":"Timea Laslavic","image":{"@type":"ImageObject","inLanguage":"hu","@id":"https:\/\/timealaslavic.ro\/hu\/#\/schema\/person\/image\/","url":"https:\/\/hostedbybeeline.eu\/timea\/wp-content\/uploads\/2021\/10\/timea-main-logo.png","contentUrl":"https:\/\/hostedbybeeline.eu\/timea\/wp-content\/uploads\/2021\/10\/timea-main-logo.png","width":322,"height":65,"caption":"Timea Laslavic"},"logo":{"@id":"https:\/\/timealaslavic.ro\/hu\/#\/schema\/person\/image\/"},"url":"https:\/\/timealaslavic.ro\/hu\/author\/admintimea\/"}]}},"_links":{"self":[{"href":"https:\/\/timealaslavic.ro\/hu\/wp-json\/wp\/v2\/posts\/8393","targetHints":{"allow":["GET"]}}],"collection":[{"href":"https:\/\/timealaslavic.ro\/hu\/wp-json\/wp\/v2\/posts"}],"about":[{"href":"https:\/\/timealaslavic.ro\/hu\/wp-json\/wp\/v2\/types\/post"}],"author":[{"embeddable":true,"href":"https:\/\/timealaslavic.ro\/hu\/wp-json\/wp\/v2\/users\/1"}],"replies":[{"embeddable":true,"href":"https:\/\/timealaslavic.ro\/hu\/wp-json\/wp\/v2\/comments?post=8393"}],"version-history":[{"count":0,"href":"https:\/\/timealaslavic.ro\/hu\/wp-json\/wp\/v2\/posts\/8393\/revisions"}],"wp:featuredmedia":[{"embeddable":true,"href":"https:\/\/timealaslavic.ro\/hu\/wp-json\/wp\/v2\/media\/8394"}],"wp:attachment":[{"href":"https:\/\/timealaslavic.ro\/hu\/wp-json\/wp\/v2\/media?parent=8393"}],"wp:term":[{"taxonomy":"category","embeddable":true,"href":"https:\/\/timealaslavic.ro\/hu\/wp-json\/wp\/v2\/categories?post=8393"},{"taxonomy":"post_tag","embeddable":true,"href":"https:\/\/timealaslavic.ro\/hu\/wp-json\/wp\/v2\/tags?post=8393"}],"curies":[{"name":"wp","href":"https:\/\/api.w.org\/{rel}","templated":true}]}}