{"id":8475,"date":"2024-05-06T04:37:03","date_gmt":"2024-05-06T04:37:03","guid":{"rendered":"https:\/\/timealaslavic.ro\/hu\/?p=8475"},"modified":"2024-09-18T09:35:21","modified_gmt":"2024-09-18T09:35:21","slug":"meseskonyvet-irtam-es-mar-megmutathatom-az-elso-illusztraciot","status":"publish","type":"post","link":"https:\/\/timealaslavic.ro\/hu\/blog\/meseskonyvet-irtam-es-mar-megmutathatom-az-elso-illusztraciot\/","title":{"rendered":"Mes\u00e9sk\u00f6nyvet \u00edrtam &#8211; \u00e9s m\u00e1r megmutathatom az els\u0151 illusztr\u00e1ci\u00f3t!"},"content":{"rendered":"\n<p>Id\u00e9n mes\u00e9sk\u00f6nyvet jelentetek meg! K\u00e9tnyelv\u0171 lesz, nyolc olyan t\u00f6rt\u00e9nettel, amelyek annyira tele vannak fant\u00e1zi\u00e1val, hogy szinte abszurd mes\u00e9k! Nagyon izgatott vagyok \u2013 ezerrel dolgozom a k\u00f6nyv\u00f6n, \u00e9s alig v\u00e1rom, hogy t\u00f6bbet is elmondhassak m\u00e1r r\u00f3la\u2026<\/p>\n\n\n\n<p><strong>Ez a k\u00f6nyv azonban csak nagyon kis m\u00e9rt\u00e9kben az \u00e9n munk\u00e1m\u2026<\/strong><\/p>\n\n\n\n<p>\u2026mert a t\u00f6rt\u00e9neteket val\u00f3j\u00e1ban a kicsi T\u00edmea \u00edrta \u2013 az az \u00e1lmodoz\u00f3 kisl\u00e1ny, aki az 1990-es \u00e9vek eleje \u00e9s k\u00f6zepe t\u00e1j\u00e1n voltam, aki sokat olvasott \u00e9s nagyon szeretett fogalmaz\u00e1st \u00edrni. Valah\u00e1nyszor kapott egy-egy t\u00e9m\u00e1t, olyan szeretettel \u00e9s fant\u00e1zi\u00e1val \u00fclt le \u00edrni, hogy olyan t\u00f6rt\u00e9netek l\u00e1ttak napvil\u00e1got, amelyeket ma \u00e9n, a feln\u0151tt T\u00edmea meg tudok jelentetni mes\u00e9sk\u00f6nyv form\u00e1j\u00e1ban.<\/p>\n\n\n\n<p>Hogy is t\u00f6rt\u00e9nt? Nos, n\u00e9h\u00e1ny h\u00f3napja a kezembe ker\u00fclt n\u00e9h\u00e1ny fogalmaz\u00e1sos f\u00fczet\u2026 \u00e9s \u00fagy d\u00f6nt\u00f6ttem, hogy kicsit \u00e1tdolgozom ezeket a sz\u00f6vegeket, majd megjelentetem \u0151ket!<\/p>\n\n\n\n<blockquote class=\"wp-block-quote is-layout-flow wp-block-quote-is-layout-flow\">\n<p><em>A v\u00e1ros k\u00f6zel\u00e9ben l\u00e9v\u0151 Vad\u00e1szerd\u0151ben sok-sok r\u00f3ka lakott. Az emberek ezt onnan tudt\u00e1k, hogy t\u00e9len, ha kora reggel indultak az erd\u0151be, a friss h\u00f3ban ott voltak a l\u00e1bnyomaik. \u00a0<\/em><\/p>\n<cite>(r\u00e9szlet)<\/cite><\/blockquote>\n\n\n\n<p><strong>Ez a k\u00f6nyv azonban csak nagyon kis m\u00e9rt\u00e9kben az \u00e9n munk\u00e1m\u2026<\/strong><\/p>\n\n\n\n<p>\u2026mert az illusztr\u00e1ci\u00f3kat \u2013 amelyek \u00f3ri\u00e1si hozz\u00e1adott \u00e9rt\u00e9k a k\u00f6nyvh\u00f6z! \u2013 nyilv\u00e1n valaki m\u00e1s k\u00e9sz\u00edtette, nem \u00e9n.<\/p>\n\n\n\n<p>Kicsoda? Nos, egy olyan kisl\u00e1ny, aki csak n\u00e9h\u00e1ny \u00e9vvel id\u0151sebb, mint \u00e9n voltam akkor, amikor ezeket a fogalmaz\u00e1sokat meg\u00edrtam\u2026<\/p>\n\n\n\n<p>Sz\u0171cs Petra a neve, a Temesv\u00e1ri Bart\u00f3k B\u00e9la Elm\u00e9leti L\u00edceum VI. oszt\u00e1lyos tanul\u00f3ja, \u00e9s az\u00e9rt esett r\u00e1 a v\u00e1laszt\u00e1som, mert r\u00e9g\u00f3ta k\u00f6vetem az alkot\u00e1sait. Rendk\u00edv\u00fcl tehets\u00e9ges, \u00e9s meglepet\u00e9semre az \u00e9desanyja igent mondott, amikor megkerestem azzal az \u00f6tlettel, hogy Petra illusztr\u00e1lja a mes\u00e9sk\u00f6nyvemet.<\/p>\n\n\n\n<p>(Nem, fel sem mer\u00fclt a mesters\u00e9ges intelligenci\u00e1val val\u00f3 illusztr\u00e1l\u00e1sa a k\u00f6nyvnek! Igazi, k\u00e9zzel k\u00e9sz\u00edtett illusztr\u00e1ci\u00f3kat szerettem volna. \u00c9s mindenk\u00e9ppen Petr\u00e1ra gondoltam!)<\/p>\n\n\n\n<p>Miut\u00e1n Petra \u00e9desanyja igent mondott, Petra r\u00e9sz\u00e9r\u0151l is sz\u00fcks\u00e9gem volt egy igenre\u2026 Az \u00e9desanyja kezdett\u0151l fogva azt mondta: \u00e9n benne vagyok, de Petra d\u00f6nti ezt el; elolvassa a t\u00f6rt\u00e9neteket, \u00e9s ha tetszenek neki, ha inspir\u00e1lj\u00e1k \u0151t, akkor elk\u00e9sz\u00edti az illusztr\u00e1ci\u00f3kat.<\/p>\n\n\n\n<p>Elk\u00fcldtem neki a t\u00f6rt\u00e9neteket, \u00e9s t\u0171k\u00f6n \u00fcltem, am\u00edg megj\u00f6tt a v\u00e1rva v\u00e1rt IGEN! \u00c9s Petra munk\u00e1hoz l\u00e1tott.<\/p>\n\n\n\n<p>Izgatottan mutatom meg nektek ma a k\u00f6nyv els\u0151 illusztr\u00e1ci\u00f3j\u00e1t; ez az EGYETLEN, amely nyilv\u00e1noss\u00e1gra ker\u00fcl majd a k\u00f6nyv megjelen\u00e9se el\u0151tt. A t\u00f6bbi illusztr\u00e1ci\u00f3 maradjon a mi titkunk m\u00e9g egy ideig&#8230;<\/p>\n\n\n\n<figure class=\"wp-block-image size-large\"><img fetchpriority=\"high\" decoding=\"async\" width=\"1011\" height=\"1024\" src=\"https:\/\/timealaslavic.ro\/hu\/wp-content\/uploads\/2024\/05\/rokas-1011x1024.jpg\" alt=\"\" class=\"wp-image-8476\" srcset=\"https:\/\/timealaslavic.ro\/hu\/wp-content\/uploads\/2024\/05\/rokas-1011x1024.jpg 1011w, https:\/\/timealaslavic.ro\/hu\/wp-content\/uploads\/2024\/05\/rokas-296x300.jpg 296w, https:\/\/timealaslavic.ro\/hu\/wp-content\/uploads\/2024\/05\/rokas-768x778.jpg 768w, https:\/\/timealaslavic.ro\/hu\/wp-content\/uploads\/2024\/05\/rokas-1517x1536.jpg 1517w, https:\/\/timealaslavic.ro\/hu\/wp-content\/uploads\/2024\/05\/rokas-2022x2048.jpg 2022w\" sizes=\"(max-width: 1011px) 100vw, 1011px\" \/><\/figure>\n\n\n\n<p>Sz\u0171cs Petra nemr\u00e9g t\u00f6lt\u00f6tte be a 13. \u00e9let\u00e9v\u00e9t. Hamarosan t\u00f6bbet mes\u00e9lek majd r\u00f3la \u2013 \u00e9s a k\u00f6nyvr\u0151l is. Alig v\u00e1rom! Id\u00e9n jelentetem meg a k\u00f6nyvet, nagy izgalommal. Egyel\u0151re nem \u00e1rulhatok el t\u00f6bbet, de majd hamarosan! Tarts velem ezen az \u00faton!<\/p>\n\n\n\n<p><\/p>\n","protected":false},"excerpt":{"rendered":"<p>Id\u00e9n mes\u00e9sk\u00f6nyvet jelentetek meg! K\u00e9tnyelv\u0171 lesz, nyolc olyan t\u00f6rt\u00e9nettel, amelyek annyira tele vannak fant\u00e1zi\u00e1val, hogy szinte abszurd mes\u00e9k! Nagyon izgatott vagyok \u2013 ezerrel dolgozom a k\u00f6nyv\u00f6n, \u00e9s&hellip;<\/p>\n","protected":false},"author":1,"featured_media":8477,"comment_status":"closed","ping_status":"closed","sticky":false,"template":"","format":"standard","meta":{"footnotes":""},"categories":[333],"tags":[],"class_list":["post-8475","post","type-post","status-publish","format-standard","has-post-thumbnail","hentry","category-blog"],"yoast_head":"<!-- This site is optimized with the Yoast SEO plugin v26.0 - https:\/\/yoast.com\/wordpress\/plugins\/seo\/ -->\n<title>Mes\u00e9sk\u00f6nyvet \u00edrtam - \u00e9s m\u00e1r megmutathatom az els\u0151 illusztr\u00e1ci\u00f3t! &#8902; Timea Laslavic<\/title>\n<meta name=\"robots\" content=\"index, follow, max-snippet:-1, max-image-preview:large, max-video-preview:-1\" \/>\n<link rel=\"canonical\" href=\"https:\/\/timealaslavic.ro\/hu\/blog\/meseskonyvet-irtam-es-mar-megmutathatom-az-elso-illusztraciot\/\" \/>\n<meta property=\"og:locale\" content=\"hu_HU\" \/>\n<meta property=\"og:type\" content=\"article\" \/>\n<meta property=\"og:title\" content=\"Mes\u00e9sk\u00f6nyvet \u00edrtam - \u00e9s m\u00e1r megmutathatom az els\u0151 illusztr\u00e1ci\u00f3t! &#8902; Timea Laslavic\" \/>\n<meta property=\"og:description\" content=\"Id\u00e9n mes\u00e9sk\u00f6nyvet jelentetek meg! K\u00e9tnyelv\u0171 lesz, nyolc olyan t\u00f6rt\u00e9nettel, amelyek annyira tele vannak fant\u00e1zi\u00e1val, hogy szinte abszurd mes\u00e9k! Nagyon izgatott vagyok \u2013 ezerrel dolgozom a k\u00f6nyv\u00f6n, \u00e9s&hellip;\" \/>\n<meta property=\"og:url\" content=\"https:\/\/timealaslavic.ro\/hu\/blog\/meseskonyvet-irtam-es-mar-megmutathatom-az-elso-illusztraciot\/\" \/>\n<meta property=\"og:site_name\" content=\"Timea Laslavic\" \/>\n<meta property=\"article:published_time\" content=\"2024-05-06T04:37:03+00:00\" \/>\n<meta property=\"article:modified_time\" content=\"2024-09-18T09:35:21+00:00\" \/>\n<meta property=\"og:image\" content=\"https:\/\/timealaslavic.ro\/hu\/wp-content\/uploads\/2024\/05\/Pink-Rose-Watercolor-Organic-Creative-Project-Presentation.jpg\" \/>\n\t<meta property=\"og:image:width\" content=\"1920\" \/>\n\t<meta property=\"og:image:height\" content=\"1080\" \/>\n\t<meta property=\"og:image:type\" content=\"image\/jpeg\" \/>\n<meta name=\"author\" content=\"Timea Laslavic\" \/>\n<meta name=\"twitter:card\" content=\"summary_large_image\" \/>\n<meta name=\"twitter:label1\" content=\"Szerz\u0151:\" \/>\n\t<meta name=\"twitter:data1\" content=\"Timea Laslavic\" \/>\n\t<meta name=\"twitter:label2\" content=\"Becs\u00fclt olvas\u00e1si id\u0151\" \/>\n\t<meta name=\"twitter:data2\" content=\"3 perc\" \/>\n<script type=\"application\/ld+json\" class=\"yoast-schema-graph\">{\"@context\":\"https:\/\/schema.org\",\"@graph\":[{\"@type\":\"Article\",\"@id\":\"https:\/\/timealaslavic.ro\/hu\/blog\/meseskonyvet-irtam-es-mar-megmutathatom-az-elso-illusztraciot\/#article\",\"isPartOf\":{\"@id\":\"https:\/\/timealaslavic.ro\/hu\/blog\/meseskonyvet-irtam-es-mar-megmutathatom-az-elso-illusztraciot\/\"},\"author\":{\"name\":\"Timea Laslavic\",\"@id\":\"https:\/\/timealaslavic.ro\/hu\/#\/schema\/person\/924efd7113052fad5be9a34fd28932e1\"},\"headline\":\"Mes\u00e9sk\u00f6nyvet \u00edrtam &#8211; \u00e9s m\u00e1r megmutathatom az els\u0151 illusztr\u00e1ci\u00f3t!\",\"datePublished\":\"2024-05-06T04:37:03+00:00\",\"dateModified\":\"2024-09-18T09:35:21+00:00\",\"mainEntityOfPage\":{\"@id\":\"https:\/\/timealaslavic.ro\/hu\/blog\/meseskonyvet-irtam-es-mar-megmutathatom-az-elso-illusztraciot\/\"},\"wordCount\":583,\"publisher\":{\"@id\":\"https:\/\/timealaslavic.ro\/hu\/#\/schema\/person\/924efd7113052fad5be9a34fd28932e1\"},\"image\":{\"@id\":\"https:\/\/timealaslavic.ro\/hu\/blog\/meseskonyvet-irtam-es-mar-megmutathatom-az-elso-illusztraciot\/#primaryimage\"},\"thumbnailUrl\":\"https:\/\/timealaslavic.ro\/hu\/wp-content\/uploads\/2024\/05\/Pink-Rose-Watercolor-Organic-Creative-Project-Presentation.jpg\",\"articleSection\":[\"Blog\"],\"inLanguage\":\"hu\"},{\"@type\":\"WebPage\",\"@id\":\"https:\/\/timealaslavic.ro\/hu\/blog\/meseskonyvet-irtam-es-mar-megmutathatom-az-elso-illusztraciot\/\",\"url\":\"https:\/\/timealaslavic.ro\/hu\/blog\/meseskonyvet-irtam-es-mar-megmutathatom-az-elso-illusztraciot\/\",\"name\":\"Mes\u00e9sk\u00f6nyvet \u00edrtam - \u00e9s m\u00e1r megmutathatom az els\u0151 illusztr\u00e1ci\u00f3t! &#8902; Timea Laslavic\",\"isPartOf\":{\"@id\":\"https:\/\/timealaslavic.ro\/hu\/#website\"},\"primaryImageOfPage\":{\"@id\":\"https:\/\/timealaslavic.ro\/hu\/blog\/meseskonyvet-irtam-es-mar-megmutathatom-az-elso-illusztraciot\/#primaryimage\"},\"image\":{\"@id\":\"https:\/\/timealaslavic.ro\/hu\/blog\/meseskonyvet-irtam-es-mar-megmutathatom-az-elso-illusztraciot\/#primaryimage\"},\"thumbnailUrl\":\"https:\/\/timealaslavic.ro\/hu\/wp-content\/uploads\/2024\/05\/Pink-Rose-Watercolor-Organic-Creative-Project-Presentation.jpg\",\"datePublished\":\"2024-05-06T04:37:03+00:00\",\"dateModified\":\"2024-09-18T09:35:21+00:00\",\"breadcrumb\":{\"@id\":\"https:\/\/timealaslavic.ro\/hu\/blog\/meseskonyvet-irtam-es-mar-megmutathatom-az-elso-illusztraciot\/#breadcrumb\"},\"inLanguage\":\"hu\",\"potentialAction\":[{\"@type\":\"ReadAction\",\"target\":[\"https:\/\/timealaslavic.ro\/hu\/blog\/meseskonyvet-irtam-es-mar-megmutathatom-az-elso-illusztraciot\/\"]}]},{\"@type\":\"ImageObject\",\"inLanguage\":\"hu\",\"@id\":\"https:\/\/timealaslavic.ro\/hu\/blog\/meseskonyvet-irtam-es-mar-megmutathatom-az-elso-illusztraciot\/#primaryimage\",\"url\":\"https:\/\/timealaslavic.ro\/hu\/wp-content\/uploads\/2024\/05\/Pink-Rose-Watercolor-Organic-Creative-Project-Presentation.jpg\",\"contentUrl\":\"https:\/\/timealaslavic.ro\/hu\/wp-content\/uploads\/2024\/05\/Pink-Rose-Watercolor-Organic-Creative-Project-Presentation.jpg\",\"width\":1920,\"height\":1080},{\"@type\":\"BreadcrumbList\",\"@id\":\"https:\/\/timealaslavic.ro\/hu\/blog\/meseskonyvet-irtam-es-mar-megmutathatom-az-elso-illusztraciot\/#breadcrumb\",\"itemListElement\":[{\"@type\":\"ListItem\",\"position\":1,\"name\":\"Home\",\"item\":\"https:\/\/timealaslavic.ro\/hu\/\"},{\"@type\":\"ListItem\",\"position\":2,\"name\":\"Mes\u00e9sk\u00f6nyvet \u00edrtam &#8211; \u00e9s m\u00e1r megmutathatom az els\u0151 illusztr\u00e1ci\u00f3t!\"}]},{\"@type\":\"WebSite\",\"@id\":\"https:\/\/timealaslavic.ro\/hu\/#website\",\"url\":\"https:\/\/timealaslavic.ro\/hu\/\",\"name\":\"Timea Laslavic\",\"description\":\"Magyar-rom\u00e1n, rom\u00e1n-magyar ford\u00edt\u00e1sok\",\"publisher\":{\"@id\":\"https:\/\/timealaslavic.ro\/hu\/#\/schema\/person\/924efd7113052fad5be9a34fd28932e1\"},\"potentialAction\":[{\"@type\":\"SearchAction\",\"target\":{\"@type\":\"EntryPoint\",\"urlTemplate\":\"https:\/\/timealaslavic.ro\/hu\/?s={search_term_string}\"},\"query-input\":{\"@type\":\"PropertyValueSpecification\",\"valueRequired\":true,\"valueName\":\"search_term_string\"}}],\"inLanguage\":\"hu\"},{\"@type\":[\"Person\",\"Organization\"],\"@id\":\"https:\/\/timealaslavic.ro\/hu\/#\/schema\/person\/924efd7113052fad5be9a34fd28932e1\",\"name\":\"Timea Laslavic\",\"image\":{\"@type\":\"ImageObject\",\"inLanguage\":\"hu\",\"@id\":\"https:\/\/timealaslavic.ro\/hu\/#\/schema\/person\/image\/\",\"url\":\"https:\/\/hostedbybeeline.eu\/timea\/wp-content\/uploads\/2021\/10\/timea-main-logo.png\",\"contentUrl\":\"https:\/\/hostedbybeeline.eu\/timea\/wp-content\/uploads\/2021\/10\/timea-main-logo.png\",\"width\":322,\"height\":65,\"caption\":\"Timea Laslavic\"},\"logo\":{\"@id\":\"https:\/\/timealaslavic.ro\/hu\/#\/schema\/person\/image\/\"},\"url\":\"https:\/\/timealaslavic.ro\/hu\/author\/admintimea\/\"}]}<\/script>\n<!-- \/ Yoast SEO plugin. -->","yoast_head_json":{"title":"Mes\u00e9sk\u00f6nyvet \u00edrtam - \u00e9s m\u00e1r megmutathatom az els\u0151 illusztr\u00e1ci\u00f3t! &#8902; Timea Laslavic","robots":{"index":"index","follow":"follow","max-snippet":"max-snippet:-1","max-image-preview":"max-image-preview:large","max-video-preview":"max-video-preview:-1"},"canonical":"https:\/\/timealaslavic.ro\/hu\/blog\/meseskonyvet-irtam-es-mar-megmutathatom-az-elso-illusztraciot\/","og_locale":"hu_HU","og_type":"article","og_title":"Mes\u00e9sk\u00f6nyvet \u00edrtam - \u00e9s m\u00e1r megmutathatom az els\u0151 illusztr\u00e1ci\u00f3t! &#8902; Timea Laslavic","og_description":"Id\u00e9n mes\u00e9sk\u00f6nyvet jelentetek meg! K\u00e9tnyelv\u0171 lesz, nyolc olyan t\u00f6rt\u00e9nettel, amelyek annyira tele vannak fant\u00e1zi\u00e1val, hogy szinte abszurd mes\u00e9k! Nagyon izgatott vagyok \u2013 ezerrel dolgozom a k\u00f6nyv\u00f6n, \u00e9s&hellip;","og_url":"https:\/\/timealaslavic.ro\/hu\/blog\/meseskonyvet-irtam-es-mar-megmutathatom-az-elso-illusztraciot\/","og_site_name":"Timea Laslavic","article_published_time":"2024-05-06T04:37:03+00:00","article_modified_time":"2024-09-18T09:35:21+00:00","og_image":[{"width":1920,"height":1080,"url":"https:\/\/timealaslavic.ro\/hu\/wp-content\/uploads\/2024\/05\/Pink-Rose-Watercolor-Organic-Creative-Project-Presentation.jpg","type":"image\/jpeg"}],"author":"Timea Laslavic","twitter_card":"summary_large_image","twitter_misc":{"Szerz\u0151:":"Timea Laslavic","Becs\u00fclt olvas\u00e1si id\u0151":"3 perc"},"schema":{"@context":"https:\/\/schema.org","@graph":[{"@type":"Article","@id":"https:\/\/timealaslavic.ro\/hu\/blog\/meseskonyvet-irtam-es-mar-megmutathatom-az-elso-illusztraciot\/#article","isPartOf":{"@id":"https:\/\/timealaslavic.ro\/hu\/blog\/meseskonyvet-irtam-es-mar-megmutathatom-az-elso-illusztraciot\/"},"author":{"name":"Timea Laslavic","@id":"https:\/\/timealaslavic.ro\/hu\/#\/schema\/person\/924efd7113052fad5be9a34fd28932e1"},"headline":"Mes\u00e9sk\u00f6nyvet \u00edrtam &#8211; \u00e9s m\u00e1r megmutathatom az els\u0151 illusztr\u00e1ci\u00f3t!","datePublished":"2024-05-06T04:37:03+00:00","dateModified":"2024-09-18T09:35:21+00:00","mainEntityOfPage":{"@id":"https:\/\/timealaslavic.ro\/hu\/blog\/meseskonyvet-irtam-es-mar-megmutathatom-az-elso-illusztraciot\/"},"wordCount":583,"publisher":{"@id":"https:\/\/timealaslavic.ro\/hu\/#\/schema\/person\/924efd7113052fad5be9a34fd28932e1"},"image":{"@id":"https:\/\/timealaslavic.ro\/hu\/blog\/meseskonyvet-irtam-es-mar-megmutathatom-az-elso-illusztraciot\/#primaryimage"},"thumbnailUrl":"https:\/\/timealaslavic.ro\/hu\/wp-content\/uploads\/2024\/05\/Pink-Rose-Watercolor-Organic-Creative-Project-Presentation.jpg","articleSection":["Blog"],"inLanguage":"hu"},{"@type":"WebPage","@id":"https:\/\/timealaslavic.ro\/hu\/blog\/meseskonyvet-irtam-es-mar-megmutathatom-az-elso-illusztraciot\/","url":"https:\/\/timealaslavic.ro\/hu\/blog\/meseskonyvet-irtam-es-mar-megmutathatom-az-elso-illusztraciot\/","name":"Mes\u00e9sk\u00f6nyvet \u00edrtam - \u00e9s m\u00e1r megmutathatom az els\u0151 illusztr\u00e1ci\u00f3t! &#8902; Timea Laslavic","isPartOf":{"@id":"https:\/\/timealaslavic.ro\/hu\/#website"},"primaryImageOfPage":{"@id":"https:\/\/timealaslavic.ro\/hu\/blog\/meseskonyvet-irtam-es-mar-megmutathatom-az-elso-illusztraciot\/#primaryimage"},"image":{"@id":"https:\/\/timealaslavic.ro\/hu\/blog\/meseskonyvet-irtam-es-mar-megmutathatom-az-elso-illusztraciot\/#primaryimage"},"thumbnailUrl":"https:\/\/timealaslavic.ro\/hu\/wp-content\/uploads\/2024\/05\/Pink-Rose-Watercolor-Organic-Creative-Project-Presentation.jpg","datePublished":"2024-05-06T04:37:03+00:00","dateModified":"2024-09-18T09:35:21+00:00","breadcrumb":{"@id":"https:\/\/timealaslavic.ro\/hu\/blog\/meseskonyvet-irtam-es-mar-megmutathatom-az-elso-illusztraciot\/#breadcrumb"},"inLanguage":"hu","potentialAction":[{"@type":"ReadAction","target":["https:\/\/timealaslavic.ro\/hu\/blog\/meseskonyvet-irtam-es-mar-megmutathatom-az-elso-illusztraciot\/"]}]},{"@type":"ImageObject","inLanguage":"hu","@id":"https:\/\/timealaslavic.ro\/hu\/blog\/meseskonyvet-irtam-es-mar-megmutathatom-az-elso-illusztraciot\/#primaryimage","url":"https:\/\/timealaslavic.ro\/hu\/wp-content\/uploads\/2024\/05\/Pink-Rose-Watercolor-Organic-Creative-Project-Presentation.jpg","contentUrl":"https:\/\/timealaslavic.ro\/hu\/wp-content\/uploads\/2024\/05\/Pink-Rose-Watercolor-Organic-Creative-Project-Presentation.jpg","width":1920,"height":1080},{"@type":"BreadcrumbList","@id":"https:\/\/timealaslavic.ro\/hu\/blog\/meseskonyvet-irtam-es-mar-megmutathatom-az-elso-illusztraciot\/#breadcrumb","itemListElement":[{"@type":"ListItem","position":1,"name":"Home","item":"https:\/\/timealaslavic.ro\/hu\/"},{"@type":"ListItem","position":2,"name":"Mes\u00e9sk\u00f6nyvet \u00edrtam &#8211; \u00e9s m\u00e1r megmutathatom az els\u0151 illusztr\u00e1ci\u00f3t!"}]},{"@type":"WebSite","@id":"https:\/\/timealaslavic.ro\/hu\/#website","url":"https:\/\/timealaslavic.ro\/hu\/","name":"Timea Laslavic","description":"Magyar-rom\u00e1n, rom\u00e1n-magyar ford\u00edt\u00e1sok","publisher":{"@id":"https:\/\/timealaslavic.ro\/hu\/#\/schema\/person\/924efd7113052fad5be9a34fd28932e1"},"potentialAction":[{"@type":"SearchAction","target":{"@type":"EntryPoint","urlTemplate":"https:\/\/timealaslavic.ro\/hu\/?s={search_term_string}"},"query-input":{"@type":"PropertyValueSpecification","valueRequired":true,"valueName":"search_term_string"}}],"inLanguage":"hu"},{"@type":["Person","Organization"],"@id":"https:\/\/timealaslavic.ro\/hu\/#\/schema\/person\/924efd7113052fad5be9a34fd28932e1","name":"Timea Laslavic","image":{"@type":"ImageObject","inLanguage":"hu","@id":"https:\/\/timealaslavic.ro\/hu\/#\/schema\/person\/image\/","url":"https:\/\/hostedbybeeline.eu\/timea\/wp-content\/uploads\/2021\/10\/timea-main-logo.png","contentUrl":"https:\/\/hostedbybeeline.eu\/timea\/wp-content\/uploads\/2021\/10\/timea-main-logo.png","width":322,"height":65,"caption":"Timea Laslavic"},"logo":{"@id":"https:\/\/timealaslavic.ro\/hu\/#\/schema\/person\/image\/"},"url":"https:\/\/timealaslavic.ro\/hu\/author\/admintimea\/"}]}},"_links":{"self":[{"href":"https:\/\/timealaslavic.ro\/hu\/wp-json\/wp\/v2\/posts\/8475","targetHints":{"allow":["GET"]}}],"collection":[{"href":"https:\/\/timealaslavic.ro\/hu\/wp-json\/wp\/v2\/posts"}],"about":[{"href":"https:\/\/timealaslavic.ro\/hu\/wp-json\/wp\/v2\/types\/post"}],"author":[{"embeddable":true,"href":"https:\/\/timealaslavic.ro\/hu\/wp-json\/wp\/v2\/users\/1"}],"replies":[{"embeddable":true,"href":"https:\/\/timealaslavic.ro\/hu\/wp-json\/wp\/v2\/comments?post=8475"}],"version-history":[{"count":0,"href":"https:\/\/timealaslavic.ro\/hu\/wp-json\/wp\/v2\/posts\/8475\/revisions"}],"wp:featuredmedia":[{"embeddable":true,"href":"https:\/\/timealaslavic.ro\/hu\/wp-json\/wp\/v2\/media\/8477"}],"wp:attachment":[{"href":"https:\/\/timealaslavic.ro\/hu\/wp-json\/wp\/v2\/media?parent=8475"}],"wp:term":[{"taxonomy":"category","embeddable":true,"href":"https:\/\/timealaslavic.ro\/hu\/wp-json\/wp\/v2\/categories?post=8475"},{"taxonomy":"post_tag","embeddable":true,"href":"https:\/\/timealaslavic.ro\/hu\/wp-json\/wp\/v2\/tags?post=8475"}],"curies":[{"name":"wp","href":"https:\/\/api.w.org\/{rel}","templated":true}]}}