{"id":8506,"date":"2024-07-20T08:28:32","date_gmt":"2024-07-20T08:28:32","guid":{"rendered":"https:\/\/timealaslavic.ro\/hu\/?p=8506"},"modified":"2024-07-20T09:21:13","modified_gmt":"2024-07-20T09:21:13","slug":"a-repulo-bicikli-es-mas-tortenetek","status":"publish","type":"post","link":"https:\/\/timealaslavic.ro\/hu\/blog\/a-repulo-bicikli-es-mas-tortenetek\/","title":{"rendered":"&#8222;A rep\u00fcl\u0151 bicikli \u00e9s m\u00e1s t\u00f6rt\u00e9netek&#8221; &#8211; nyolc olyan mese, ahol minden megt\u00f6rt\u00e9nhet!"},"content":{"rendered":"\n<p class=\"has-text-color\" style=\"color:#101010;font-size:24px\">2023-ban rendrak\u00e1s k\u00f6zben fedeztem fel az 1991\u20131992 k\u00f6z\u00f6tti, \u00e1ltal\u00e1nos iskolai fogalmaz\u00e1s f\u00fczeteimet. \u00dajraolvasva azokat, arra gondoltam, hogy kicsit \u00e1tdolgozva ak\u00e1r meg is lehetne jelentetni mes\u00e9sk\u00f6nyv form\u00e1j\u00e1ban&#8230;<\/p>\n\n\n\n<hr class=\"wp-block-separator has-css-opacity is-style-dots\"\/>\n\n\n\n<p class=\"has-drop-cap\">Azok, akiknek kik\u00e9rtem a v\u00e9lem\u00e9ny\u00e9t, nagyon is biztattak, ez\u00e9rt a k\u00f6nyvem hamarosan megjelenik! A fogalmaz\u00e1sok eredetileg magyar nyelven \u00edr\u00f3dtak, de mivel magyar-rom\u00e1n ford\u00edt\u00f3 vagyok, k\u00e9tnyelv\u0171 kiad\u00e1sra gondoltam, \u00e9s rom\u00e1n nyelvre is leford\u00edtottam a t\u00f6rt\u00e9neteket, hogy t\u00f6bb gyerek \u00e9lvezhesse a mes\u00e9ket. <\/p>\n\n\n\n<p>A k\u00f6tetet Sz\u0171cs Petra illusztr\u00e1lta. 2011-ben sz\u00fcletett Temesv\u00e1ron, jelenleg&nbsp;a&nbsp;temesv\u00e1ri Bart\u00f3k B\u00e9la Elm\u00e9leti L\u00edceum tanul\u00f3ja.&nbsp;Rajzolni m\u00e1r k\u00e9t\u00e9ves kor\u00e1t\u00f3l nagyon szeretett. Az \u00e9vek sor\u00e1n hatalmasat fejl\u0151d\u00f6tt, \u00e9s sz\u00e1mos alkot\u00e1s\u00e1t d\u00edjazt\u00e1k k\u00fcl\u00f6nb\u00f6z\u0151 hazai&nbsp;\u00e9s nemzetk\u00f6zi versenyeken.&nbsp;T\u00f6bb saj\u00e1t ki\u00e1ll\u00edt\u00e1sa volt Temesv\u00e1ron \u00e9s Szegeden.<\/p>\n\n\n\n<figure class=\"wp-block-image size-large\"><img fetchpriority=\"high\" decoding=\"async\" width=\"1024\" height=\"576\" src=\"https:\/\/timealaslavic.ro\/hu\/wp-content\/uploads\/2024\/05\/Pink-Rose-Watercolor-Organic-Creative-Project-Presentation-1024x576.jpg\" alt=\"\" class=\"wp-image-8477\" srcset=\"https:\/\/timealaslavic.ro\/hu\/wp-content\/uploads\/2024\/05\/Pink-Rose-Watercolor-Organic-Creative-Project-Presentation-1024x576.jpg 1024w, https:\/\/timealaslavic.ro\/hu\/wp-content\/uploads\/2024\/05\/Pink-Rose-Watercolor-Organic-Creative-Project-Presentation-300x169.jpg 300w, https:\/\/timealaslavic.ro\/hu\/wp-content\/uploads\/2024\/05\/Pink-Rose-Watercolor-Organic-Creative-Project-Presentation-768x432.jpg 768w, https:\/\/timealaslavic.ro\/hu\/wp-content\/uploads\/2024\/05\/Pink-Rose-Watercolor-Organic-Creative-Project-Presentation-1536x864.jpg 1536w, https:\/\/timealaslavic.ro\/hu\/wp-content\/uploads\/2024\/05\/Pink-Rose-Watercolor-Organic-Creative-Project-Presentation.jpg 1920w\" sizes=\"(max-width: 1024px) 100vw, 1024px\" \/><\/figure>\n\n\n\n<h2 class=\"wp-block-heading\">A magyar nyelv\u0171 el\u0151sz\u00f3t <a href=\"https:\/\/www.facebook.com\/nagyalmos.ildiko.7\/\">Nagy\u00e1lmos Ildik\u00f3<\/a> \u00edrta, a rom\u00e1n nyelv\u0171t pedig \u0218erban Robert.<\/h2>\n\n\n\n<p>Nagyon h\u00e1l\u00e1s vagyok ennek a k\u00e9t volt koll\u00e9g\u00e1mnak: b\u00e1tor\u00edtottak \u00e9s t\u00e1mogattak, \u00e9s elfogadt\u00e1k felk\u00e9r\u00e9semet, hogy el\u0151sz\u00f3t \u00edrjanak a k\u00f6nyvemhez. Nagy\u00e1lmos Ildik\u00f3 k\u00f6lt\u0151vel \u00e9s \u00fajs\u00e1g\u00edr\u00f3val a Nyugati Jelenn\u00e9l dolgoztunk egy\u00fctt, \u0218erban Robert temesv\u00e1ri \u00edr\u00f3 \u00e9s \u00fajs\u00e1g\u00edr\u00f3 pedig a Rom\u00e1n Telev\u00edzi\u00f3 temesv\u00e1ri st\u00fadi\u00f3j\u00e1ban volt munkat\u00e1rsam. Term\u00e9szetes v\u00e1laszt\u00e1s volt!<\/p>\n\n\n\n<p>A sz\u00edvem is elolvadt att\u00f3l, amit \u0151k ketten a k\u00f6nyvemr\u0151l \u00edrtak &#8211; hamarosan ti is l\u00e1thatj\u00e1tok majd a sz\u00f6vegeiket. Nemsok\u00e1ra elindul az az oldal is, amely r\u00e9v\u00e9n el\u0151rendelhet\u0151 lesz a k\u00f6nyv. Az els\u0151 p\u00e9ld\u00e1nyokat dedik\u00e1lom is majd, \u00e9s ezekre ingyenes lesz a sz\u00e1ll\u00edt\u00e1s Rom\u00e1nia ter\u00fclet\u00e9n.<\/p>\n\n\n\n<pre class=\"wp-block-preformatted\">Ezek a t\u00f6rt\u00e9netek 30 \u00e9v ut\u00e1n l\u00e1tnak napvil\u00e1got, \u00e9s olyanok, mintha csak meg\u00f6leln\u00e9m azt a nyolc-kilenc \u00e9ves kisl\u00e1nyt, aki a k\u00f6nyv alapj\u00e1ul szolg\u00e1l\u00f3 fogalmaz\u00e1sokat meg\u00edrta. \u00c1lmodoz\u00f3 voltam nagyon, \u00e9s minden este sokat olvastam. N\u00e9ha m\u00e9g titokban is, a paplan alatt, egy kicsi, fekete macska alak\u00fa zsebl\u00e1mp\u00e1val \u2013 miut\u00e1n \u00e9desany\u00e1m m\u00e1r sokadj\u00e1ra mondta, hogy kapcsoljam le a l\u00e1mp\u00e1t \u00e9s aludjak v\u00e9gre.<\/pre>\n\n\n\n<p>A t\u00f6rt\u00e9netekben t\u00f6bb temesv\u00e1ri elem megjelenik; nagyon szeretem ezt a v\u00e1rost, \u00e9s mivel k\u00e9t-h\u00e1rom ilyen elem m\u00e1r az eredeti fogalmaz\u00e1sokban is megtal\u00e1lhat\u00f3 volt, tov\u00e1bbvittem az \u00f6tletet. Ism\u00e9teltem elmondom, hogy NEM \u00e9n \u00edrtam ezt a k\u00f6nyvet, hanem a kis T\u00edmea &#8211; a legt\u00f6bb sztori 1991-b\u0151l sz\u00e1rmazik, egy-kett\u0151 1992-b\u0151l. \u00c9n csak feldolgoztam \u0151ket. <\/p>\n\n\n\n<figure class=\"wp-block-image size-large\"><img decoding=\"async\" width=\"1024\" height=\"584\" src=\"https:\/\/timealaslavic.ro\/hu\/wp-content\/uploads\/2024\/07\/Screenshot-2024-07-16-at-18.20.57-2048x1167-1-1024x584.png\" alt=\"\" class=\"wp-image-8507\" srcset=\"https:\/\/timealaslavic.ro\/hu\/wp-content\/uploads\/2024\/07\/Screenshot-2024-07-16-at-18.20.57-2048x1167-1-1024x584.png 1024w, https:\/\/timealaslavic.ro\/hu\/wp-content\/uploads\/2024\/07\/Screenshot-2024-07-16-at-18.20.57-2048x1167-1-300x171.png 300w, https:\/\/timealaslavic.ro\/hu\/wp-content\/uploads\/2024\/07\/Screenshot-2024-07-16-at-18.20.57-2048x1167-1-768x438.png 768w, https:\/\/timealaslavic.ro\/hu\/wp-content\/uploads\/2024\/07\/Screenshot-2024-07-16-at-18.20.57-2048x1167-1-1536x875.png 1536w, https:\/\/timealaslavic.ro\/hu\/wp-content\/uploads\/2024\/07\/Screenshot-2024-07-16-at-18.20.57-2048x1167-1.png 2048w\" sizes=\"(max-width: 1024px) 100vw, 1024px\" \/><\/figure>\n\n\n\n<p>V\u00e9lem\u00e9nyem szerint ez a k\u00f6nyv t\u00f6k\u00e9letes olvasm\u00e1ny lesz kicsiknek \u00e9s nagyoknak egyar\u00e1nt; fant\u00e1ziad\u00fas utaz\u00e1sra h\u00edv mindenkit, olyan helyekre, ahol a szerepl\u0151k olykor elk\u00e9peszt\u0151 kalandokon mennek kereszt\u00fcl. Egyfajta menek\u00fcl\u00e9s a mindennapi vil\u00e1g m\u00f3kuskerek\u00e9b\u0151l. Alig v\u00e1rom, hogy ti is velem tartsatok a fant\u00e1zia vil\u00e1g\u00e1ba, e nyolc t\u00f6rt\u00e9net r\u00e9v\u00e9n!<\/p>\n\n\n\n<h2 class=\"wp-block-heading\">Ez a k\u00f6nyv megfelel\u0151 lesz neked, ha&#8230;<\/h2>\n\n\n\n<p>&#8230;3 \u00e9s 10 \u00e9v k\u00f6z\u00f6tti gyermeke(i)d van(nak)<\/p>\n\n\n\n<p>&#8230;\u0151(k) sz\u00edvesen olvas(nak) vagy szeretn\u00e9l felolvasni neki(k)<\/p>\n\n\n\n<p>&#8230;aj\u00e1nd\u00e9kba szeretn\u00e9d adni valakinek<\/p>\n\n\n\n<p><strong>Legyetek figyelmesek, hamarosan t\u00f6bbet is el\u00e1rulok!<\/strong><\/p>\n","protected":false},"excerpt":{"rendered":"<p>2023-ban rendrak\u00e1s k\u00f6zben fedeztem fel az 1991\u20131992 k\u00f6z\u00f6tti, \u00e1ltal\u00e1nos iskolai fogalmaz\u00e1s f\u00fczeteimet. \u00dajraolvasva azokat, arra gondoltam, hogy kicsit \u00e1tdolgozva ak\u00e1r meg is lehetne jelentetni mes\u00e9sk\u00f6nyv form\u00e1j\u00e1ban&#8230; Azok,&hellip;<\/p>\n","protected":false},"author":1,"featured_media":8508,"comment_status":"open","ping_status":"closed","sticky":false,"template":"","format":"standard","meta":{"footnotes":""},"categories":[333],"tags":[340],"class_list":["post-8506","post","type-post","status-publish","format-standard","has-post-thumbnail","hentry","category-blog","tag-timea-laslavic"],"yoast_head":"<!-- This site is optimized with the Yoast SEO plugin v26.0 - https:\/\/yoast.com\/wordpress\/plugins\/seo\/ -->\n<title>&quot;A rep\u00fcl\u0151 bicikli \u00e9s m\u00e1s t\u00f6rt\u00e9netek&quot; - nyolc olyan mese, ahol minden megt\u00f6rt\u00e9nhet! &#8902; Timea Laslavic<\/title>\n<meta name=\"description\" content=\"2023-ban rendrak\u00e1s k\u00f6zben fedeztem fel az 1991\u20131992 k\u00f6z\u00f6tti, \u00e1ltal\u00e1nos iskolai fogalmaz\u00e1s f\u00fczeteimet \u00e9s \u00e1t\u00edrtam \u0151ket.\" \/>\n<meta name=\"robots\" content=\"index, follow, max-snippet:-1, max-image-preview:large, max-video-preview:-1\" \/>\n<link rel=\"canonical\" href=\"https:\/\/timealaslavic.ro\/hu\/blog\/a-repulo-bicikli-es-mas-tortenetek\/\" \/>\n<meta property=\"og:locale\" content=\"hu_HU\" \/>\n<meta property=\"og:type\" content=\"article\" \/>\n<meta property=\"og:title\" content=\"&quot;A rep\u00fcl\u0151 bicikli \u00e9s m\u00e1s t\u00f6rt\u00e9netek&quot; - nyolc olyan mese, ahol minden megt\u00f6rt\u00e9nhet! &#8902; Timea Laslavic\" \/>\n<meta property=\"og:description\" content=\"2023-ban rendrak\u00e1s k\u00f6zben fedeztem fel az 1991\u20131992 k\u00f6z\u00f6tti, \u00e1ltal\u00e1nos iskolai fogalmaz\u00e1s f\u00fczeteimet \u00e9s \u00e1t\u00edrtam \u0151ket.\" \/>\n<meta property=\"og:url\" content=\"https:\/\/timealaslavic.ro\/hu\/blog\/a-repulo-bicikli-es-mas-tortenetek\/\" \/>\n<meta property=\"og:site_name\" content=\"Timea Laslavic\" \/>\n<meta property=\"article:published_time\" content=\"2024-07-20T08:28:32+00:00\" \/>\n<meta property=\"article:modified_time\" content=\"2024-07-20T09:21:13+00:00\" \/>\n<meta property=\"og:image\" content=\"https:\/\/timealaslavic.ro\/hu\/wp-content\/uploads\/2024\/07\/colaj.png\" \/>\n\t<meta property=\"og:image:width\" content=\"1980\" \/>\n\t<meta property=\"og:image:height\" content=\"1330\" \/>\n\t<meta property=\"og:image:type\" content=\"image\/png\" \/>\n<meta name=\"author\" content=\"Timea Laslavic\" \/>\n<meta name=\"twitter:card\" content=\"summary_large_image\" \/>\n<meta name=\"twitter:label1\" content=\"Szerz\u0151:\" \/>\n\t<meta name=\"twitter:data1\" content=\"Timea Laslavic\" \/>\n\t<meta name=\"twitter:label2\" content=\"Becs\u00fclt olvas\u00e1si id\u0151\" \/>\n\t<meta name=\"twitter:data2\" content=\"3 perc\" \/>\n<script type=\"application\/ld+json\" class=\"yoast-schema-graph\">{\"@context\":\"https:\/\/schema.org\",\"@graph\":[{\"@type\":\"Article\",\"@id\":\"https:\/\/timealaslavic.ro\/hu\/blog\/a-repulo-bicikli-es-mas-tortenetek\/#article\",\"isPartOf\":{\"@id\":\"https:\/\/timealaslavic.ro\/hu\/blog\/a-repulo-bicikli-es-mas-tortenetek\/\"},\"author\":{\"name\":\"Timea Laslavic\",\"@id\":\"https:\/\/timealaslavic.ro\/hu\/#\/schema\/person\/924efd7113052fad5be9a34fd28932e1\"},\"headline\":\"&#8222;A rep\u00fcl\u0151 bicikli \u00e9s m\u00e1s t\u00f6rt\u00e9netek&#8221; &#8211; nyolc olyan mese, ahol minden megt\u00f6rt\u00e9nhet!\",\"datePublished\":\"2024-07-20T08:28:32+00:00\",\"dateModified\":\"2024-07-20T09:21:13+00:00\",\"mainEntityOfPage\":{\"@id\":\"https:\/\/timealaslavic.ro\/hu\/blog\/a-repulo-bicikli-es-mas-tortenetek\/\"},\"wordCount\":548,\"commentCount\":0,\"publisher\":{\"@id\":\"https:\/\/timealaslavic.ro\/hu\/#\/schema\/person\/924efd7113052fad5be9a34fd28932e1\"},\"image\":{\"@id\":\"https:\/\/timealaslavic.ro\/hu\/blog\/a-repulo-bicikli-es-mas-tortenetek\/#primaryimage\"},\"thumbnailUrl\":\"https:\/\/timealaslavic.ro\/hu\/wp-content\/uploads\/2024\/07\/colaj.png\",\"keywords\":[\"timea laslavic\"],\"articleSection\":[\"Blog\"],\"inLanguage\":\"hu\",\"potentialAction\":[{\"@type\":\"CommentAction\",\"name\":\"Comment\",\"target\":[\"https:\/\/timealaslavic.ro\/hu\/blog\/a-repulo-bicikli-es-mas-tortenetek\/#respond\"]}]},{\"@type\":\"WebPage\",\"@id\":\"https:\/\/timealaslavic.ro\/hu\/blog\/a-repulo-bicikli-es-mas-tortenetek\/\",\"url\":\"https:\/\/timealaslavic.ro\/hu\/blog\/a-repulo-bicikli-es-mas-tortenetek\/\",\"name\":\"\\\"A rep\u00fcl\u0151 bicikli \u00e9s m\u00e1s t\u00f6rt\u00e9netek\\\" - nyolc olyan mese, ahol minden megt\u00f6rt\u00e9nhet! &#8902; Timea Laslavic\",\"isPartOf\":{\"@id\":\"https:\/\/timealaslavic.ro\/hu\/#website\"},\"primaryImageOfPage\":{\"@id\":\"https:\/\/timealaslavic.ro\/hu\/blog\/a-repulo-bicikli-es-mas-tortenetek\/#primaryimage\"},\"image\":{\"@id\":\"https:\/\/timealaslavic.ro\/hu\/blog\/a-repulo-bicikli-es-mas-tortenetek\/#primaryimage\"},\"thumbnailUrl\":\"https:\/\/timealaslavic.ro\/hu\/wp-content\/uploads\/2024\/07\/colaj.png\",\"datePublished\":\"2024-07-20T08:28:32+00:00\",\"dateModified\":\"2024-07-20T09:21:13+00:00\",\"description\":\"2023-ban rendrak\u00e1s k\u00f6zben fedeztem fel az 1991\u20131992 k\u00f6z\u00f6tti, \u00e1ltal\u00e1nos iskolai fogalmaz\u00e1s f\u00fczeteimet \u00e9s \u00e1t\u00edrtam \u0151ket.\",\"breadcrumb\":{\"@id\":\"https:\/\/timealaslavic.ro\/hu\/blog\/a-repulo-bicikli-es-mas-tortenetek\/#breadcrumb\"},\"inLanguage\":\"hu\",\"potentialAction\":[{\"@type\":\"ReadAction\",\"target\":[\"https:\/\/timealaslavic.ro\/hu\/blog\/a-repulo-bicikli-es-mas-tortenetek\/\"]}]},{\"@type\":\"ImageObject\",\"inLanguage\":\"hu\",\"@id\":\"https:\/\/timealaslavic.ro\/hu\/blog\/a-repulo-bicikli-es-mas-tortenetek\/#primaryimage\",\"url\":\"https:\/\/timealaslavic.ro\/hu\/wp-content\/uploads\/2024\/07\/colaj.png\",\"contentUrl\":\"https:\/\/timealaslavic.ro\/hu\/wp-content\/uploads\/2024\/07\/colaj.png\",\"width\":1980,\"height\":1330},{\"@type\":\"BreadcrumbList\",\"@id\":\"https:\/\/timealaslavic.ro\/hu\/blog\/a-repulo-bicikli-es-mas-tortenetek\/#breadcrumb\",\"itemListElement\":[{\"@type\":\"ListItem\",\"position\":1,\"name\":\"Home\",\"item\":\"https:\/\/timealaslavic.ro\/hu\/\"},{\"@type\":\"ListItem\",\"position\":2,\"name\":\"&#8222;A rep\u00fcl\u0151 bicikli \u00e9s m\u00e1s t\u00f6rt\u00e9netek&#8221; &#8211; nyolc olyan mese, ahol minden megt\u00f6rt\u00e9nhet!\"}]},{\"@type\":\"WebSite\",\"@id\":\"https:\/\/timealaslavic.ro\/hu\/#website\",\"url\":\"https:\/\/timealaslavic.ro\/hu\/\",\"name\":\"Timea Laslavic\",\"description\":\"Magyar-rom\u00e1n, rom\u00e1n-magyar ford\u00edt\u00e1sok\",\"publisher\":{\"@id\":\"https:\/\/timealaslavic.ro\/hu\/#\/schema\/person\/924efd7113052fad5be9a34fd28932e1\"},\"potentialAction\":[{\"@type\":\"SearchAction\",\"target\":{\"@type\":\"EntryPoint\",\"urlTemplate\":\"https:\/\/timealaslavic.ro\/hu\/?s={search_term_string}\"},\"query-input\":{\"@type\":\"PropertyValueSpecification\",\"valueRequired\":true,\"valueName\":\"search_term_string\"}}],\"inLanguage\":\"hu\"},{\"@type\":[\"Person\",\"Organization\"],\"@id\":\"https:\/\/timealaslavic.ro\/hu\/#\/schema\/person\/924efd7113052fad5be9a34fd28932e1\",\"name\":\"Timea Laslavic\",\"image\":{\"@type\":\"ImageObject\",\"inLanguage\":\"hu\",\"@id\":\"https:\/\/timealaslavic.ro\/hu\/#\/schema\/person\/image\/\",\"url\":\"https:\/\/hostedbybeeline.eu\/timea\/wp-content\/uploads\/2021\/10\/timea-main-logo.png\",\"contentUrl\":\"https:\/\/hostedbybeeline.eu\/timea\/wp-content\/uploads\/2021\/10\/timea-main-logo.png\",\"width\":322,\"height\":65,\"caption\":\"Timea Laslavic\"},\"logo\":{\"@id\":\"https:\/\/timealaslavic.ro\/hu\/#\/schema\/person\/image\/\"},\"url\":\"https:\/\/timealaslavic.ro\/hu\/author\/admintimea\/\"}]}<\/script>\n<!-- \/ Yoast SEO plugin. -->","yoast_head_json":{"title":"\"A rep\u00fcl\u0151 bicikli \u00e9s m\u00e1s t\u00f6rt\u00e9netek\" - nyolc olyan mese, ahol minden megt\u00f6rt\u00e9nhet! &#8902; Timea Laslavic","description":"2023-ban rendrak\u00e1s k\u00f6zben fedeztem fel az 1991\u20131992 k\u00f6z\u00f6tti, \u00e1ltal\u00e1nos iskolai fogalmaz\u00e1s f\u00fczeteimet \u00e9s \u00e1t\u00edrtam \u0151ket.","robots":{"index":"index","follow":"follow","max-snippet":"max-snippet:-1","max-image-preview":"max-image-preview:large","max-video-preview":"max-video-preview:-1"},"canonical":"https:\/\/timealaslavic.ro\/hu\/blog\/a-repulo-bicikli-es-mas-tortenetek\/","og_locale":"hu_HU","og_type":"article","og_title":"\"A rep\u00fcl\u0151 bicikli \u00e9s m\u00e1s t\u00f6rt\u00e9netek\" - nyolc olyan mese, ahol minden megt\u00f6rt\u00e9nhet! &#8902; Timea Laslavic","og_description":"2023-ban rendrak\u00e1s k\u00f6zben fedeztem fel az 1991\u20131992 k\u00f6z\u00f6tti, \u00e1ltal\u00e1nos iskolai fogalmaz\u00e1s f\u00fczeteimet \u00e9s \u00e1t\u00edrtam \u0151ket.","og_url":"https:\/\/timealaslavic.ro\/hu\/blog\/a-repulo-bicikli-es-mas-tortenetek\/","og_site_name":"Timea Laslavic","article_published_time":"2024-07-20T08:28:32+00:00","article_modified_time":"2024-07-20T09:21:13+00:00","og_image":[{"width":1980,"height":1330,"url":"https:\/\/timealaslavic.ro\/hu\/wp-content\/uploads\/2024\/07\/colaj.png","type":"image\/png"}],"author":"Timea Laslavic","twitter_card":"summary_large_image","twitter_misc":{"Szerz\u0151:":"Timea Laslavic","Becs\u00fclt olvas\u00e1si id\u0151":"3 perc"},"schema":{"@context":"https:\/\/schema.org","@graph":[{"@type":"Article","@id":"https:\/\/timealaslavic.ro\/hu\/blog\/a-repulo-bicikli-es-mas-tortenetek\/#article","isPartOf":{"@id":"https:\/\/timealaslavic.ro\/hu\/blog\/a-repulo-bicikli-es-mas-tortenetek\/"},"author":{"name":"Timea Laslavic","@id":"https:\/\/timealaslavic.ro\/hu\/#\/schema\/person\/924efd7113052fad5be9a34fd28932e1"},"headline":"&#8222;A rep\u00fcl\u0151 bicikli \u00e9s m\u00e1s t\u00f6rt\u00e9netek&#8221; &#8211; nyolc olyan mese, ahol minden megt\u00f6rt\u00e9nhet!","datePublished":"2024-07-20T08:28:32+00:00","dateModified":"2024-07-20T09:21:13+00:00","mainEntityOfPage":{"@id":"https:\/\/timealaslavic.ro\/hu\/blog\/a-repulo-bicikli-es-mas-tortenetek\/"},"wordCount":548,"commentCount":0,"publisher":{"@id":"https:\/\/timealaslavic.ro\/hu\/#\/schema\/person\/924efd7113052fad5be9a34fd28932e1"},"image":{"@id":"https:\/\/timealaslavic.ro\/hu\/blog\/a-repulo-bicikli-es-mas-tortenetek\/#primaryimage"},"thumbnailUrl":"https:\/\/timealaslavic.ro\/hu\/wp-content\/uploads\/2024\/07\/colaj.png","keywords":["timea laslavic"],"articleSection":["Blog"],"inLanguage":"hu","potentialAction":[{"@type":"CommentAction","name":"Comment","target":["https:\/\/timealaslavic.ro\/hu\/blog\/a-repulo-bicikli-es-mas-tortenetek\/#respond"]}]},{"@type":"WebPage","@id":"https:\/\/timealaslavic.ro\/hu\/blog\/a-repulo-bicikli-es-mas-tortenetek\/","url":"https:\/\/timealaslavic.ro\/hu\/blog\/a-repulo-bicikli-es-mas-tortenetek\/","name":"\"A rep\u00fcl\u0151 bicikli \u00e9s m\u00e1s t\u00f6rt\u00e9netek\" - nyolc olyan mese, ahol minden megt\u00f6rt\u00e9nhet! &#8902; Timea Laslavic","isPartOf":{"@id":"https:\/\/timealaslavic.ro\/hu\/#website"},"primaryImageOfPage":{"@id":"https:\/\/timealaslavic.ro\/hu\/blog\/a-repulo-bicikli-es-mas-tortenetek\/#primaryimage"},"image":{"@id":"https:\/\/timealaslavic.ro\/hu\/blog\/a-repulo-bicikli-es-mas-tortenetek\/#primaryimage"},"thumbnailUrl":"https:\/\/timealaslavic.ro\/hu\/wp-content\/uploads\/2024\/07\/colaj.png","datePublished":"2024-07-20T08:28:32+00:00","dateModified":"2024-07-20T09:21:13+00:00","description":"2023-ban rendrak\u00e1s k\u00f6zben fedeztem fel az 1991\u20131992 k\u00f6z\u00f6tti, \u00e1ltal\u00e1nos iskolai fogalmaz\u00e1s f\u00fczeteimet \u00e9s \u00e1t\u00edrtam \u0151ket.","breadcrumb":{"@id":"https:\/\/timealaslavic.ro\/hu\/blog\/a-repulo-bicikli-es-mas-tortenetek\/#breadcrumb"},"inLanguage":"hu","potentialAction":[{"@type":"ReadAction","target":["https:\/\/timealaslavic.ro\/hu\/blog\/a-repulo-bicikli-es-mas-tortenetek\/"]}]},{"@type":"ImageObject","inLanguage":"hu","@id":"https:\/\/timealaslavic.ro\/hu\/blog\/a-repulo-bicikli-es-mas-tortenetek\/#primaryimage","url":"https:\/\/timealaslavic.ro\/hu\/wp-content\/uploads\/2024\/07\/colaj.png","contentUrl":"https:\/\/timealaslavic.ro\/hu\/wp-content\/uploads\/2024\/07\/colaj.png","width":1980,"height":1330},{"@type":"BreadcrumbList","@id":"https:\/\/timealaslavic.ro\/hu\/blog\/a-repulo-bicikli-es-mas-tortenetek\/#breadcrumb","itemListElement":[{"@type":"ListItem","position":1,"name":"Home","item":"https:\/\/timealaslavic.ro\/hu\/"},{"@type":"ListItem","position":2,"name":"&#8222;A rep\u00fcl\u0151 bicikli \u00e9s m\u00e1s t\u00f6rt\u00e9netek&#8221; &#8211; nyolc olyan mese, ahol minden megt\u00f6rt\u00e9nhet!"}]},{"@type":"WebSite","@id":"https:\/\/timealaslavic.ro\/hu\/#website","url":"https:\/\/timealaslavic.ro\/hu\/","name":"Timea Laslavic","description":"Magyar-rom\u00e1n, rom\u00e1n-magyar ford\u00edt\u00e1sok","publisher":{"@id":"https:\/\/timealaslavic.ro\/hu\/#\/schema\/person\/924efd7113052fad5be9a34fd28932e1"},"potentialAction":[{"@type":"SearchAction","target":{"@type":"EntryPoint","urlTemplate":"https:\/\/timealaslavic.ro\/hu\/?s={search_term_string}"},"query-input":{"@type":"PropertyValueSpecification","valueRequired":true,"valueName":"search_term_string"}}],"inLanguage":"hu"},{"@type":["Person","Organization"],"@id":"https:\/\/timealaslavic.ro\/hu\/#\/schema\/person\/924efd7113052fad5be9a34fd28932e1","name":"Timea Laslavic","image":{"@type":"ImageObject","inLanguage":"hu","@id":"https:\/\/timealaslavic.ro\/hu\/#\/schema\/person\/image\/","url":"https:\/\/hostedbybeeline.eu\/timea\/wp-content\/uploads\/2021\/10\/timea-main-logo.png","contentUrl":"https:\/\/hostedbybeeline.eu\/timea\/wp-content\/uploads\/2021\/10\/timea-main-logo.png","width":322,"height":65,"caption":"Timea Laslavic"},"logo":{"@id":"https:\/\/timealaslavic.ro\/hu\/#\/schema\/person\/image\/"},"url":"https:\/\/timealaslavic.ro\/hu\/author\/admintimea\/"}]}},"_links":{"self":[{"href":"https:\/\/timealaslavic.ro\/hu\/wp-json\/wp\/v2\/posts\/8506","targetHints":{"allow":["GET"]}}],"collection":[{"href":"https:\/\/timealaslavic.ro\/hu\/wp-json\/wp\/v2\/posts"}],"about":[{"href":"https:\/\/timealaslavic.ro\/hu\/wp-json\/wp\/v2\/types\/post"}],"author":[{"embeddable":true,"href":"https:\/\/timealaslavic.ro\/hu\/wp-json\/wp\/v2\/users\/1"}],"replies":[{"embeddable":true,"href":"https:\/\/timealaslavic.ro\/hu\/wp-json\/wp\/v2\/comments?post=8506"}],"version-history":[{"count":0,"href":"https:\/\/timealaslavic.ro\/hu\/wp-json\/wp\/v2\/posts\/8506\/revisions"}],"wp:featuredmedia":[{"embeddable":true,"href":"https:\/\/timealaslavic.ro\/hu\/wp-json\/wp\/v2\/media\/8508"}],"wp:attachment":[{"href":"https:\/\/timealaslavic.ro\/hu\/wp-json\/wp\/v2\/media?parent=8506"}],"wp:term":[{"taxonomy":"category","embeddable":true,"href":"https:\/\/timealaslavic.ro\/hu\/wp-json\/wp\/v2\/categories?post=8506"},{"taxonomy":"post_tag","embeddable":true,"href":"https:\/\/timealaslavic.ro\/hu\/wp-json\/wp\/v2\/tags?post=8506"}],"curies":[{"name":"wp","href":"https:\/\/api.w.org\/{rel}","templated":true}]}}